{"id":4983,"date":"2019-12-27T09:00:19","date_gmt":"2019-12-27T09:00:19","guid":{"rendered":"https:\/\/resi.prova.cat\/el-nou-espai-santa-susanna-cuida\/"},"modified":"2025-07-09T10:36:27","modified_gmt":"2025-07-09T10:36:27","slug":"el-nou-espai-santa-susanna-cuida","status":"publish","type":"post","link":"https:\/\/fss.cat\/es\/el-nou-espai-santa-susanna-cuida\/","title":{"rendered":"El nou espai: Santa Susanna Cuida"},"content":{"rendered":"<p>El passat 24 de desembre, dins dels actes de celebraci\u00f3 de Nadal de les fundacions Santa Susanna, es va inaugurar i beneir l&#8217;espai Santa Susanna Cuida.<\/p>\n<p>A l&#8217;acte hi van assitir usuaris, professionals i membres del patronat. I va comptar amb la pres\u00e8ncia de la Sra. N\u00faria Carn\u00e9 (regidora de gent gran activa) i de la Sra. Germania de los Angeles Llive (regidora de salut i voluntariat).<\/p>\n<p><a href=\"https:\/\/fss.cat\/wp-content\/uploads\/2025\/07\/benediccio-santa-susanna-cuida-scaled.jpg\"><img fetchpriority=\"high\" decoding=\"async\" class=\"aligncenter wp-image-1660 size-large\" src=\"https:\/\/fss.cat\/wp-content\/uploads\/2025\/07\/benediccio-santa-susanna-cuida-scaled.jpg\" alt=\"\" width=\"710\" height=\"533\" \/><\/a><\/p>\n<p>En aquest nou espai, situat a la sala que hi ha just a l\u2019entrada del carrer Font i Boet,\u00a0 s\u2019hi realitzaran activitats relacionades amb la salut i la cura de les persones. Estar\u00e0 obert a les persones que tinguin inter\u00e8s i\/o necessitat per acompanyar i viure el propi proc\u00e9s d\u2019envelliment i\/o malaltia o del seu familiar. Est\u00e0 previst que s\u2019hi reuneixin els equips de professionals i el grup de voluntariat; i que hi tinguin lloc els grups per acompanyar els familiars cuidadors, activitats per promoure el benestar dels usuaris, les trobades del club de lectura \u201cLlegir per sanar\u201d i activitats obertes a la poblaci\u00f3 per promoure h\u00e0bits saludables com el cicle \u201cCom podem millorar la nostra salut\u201d organitzat conjuntament amb l&#8217;Associaci\u00f3 Jard\u00ed Santa Susanna, entre d\u2019altres.<\/p>\n<p>&nbsp;<\/p>\n","protected":false},"excerpt":{"rendered":"<p>El passat 24 de desembre, dins dels actes de celebraci\u00f3 de Nadal de les fundacions Santa Susanna, es va inaugurar i beneir l&#8217;espai Santa Susanna Cuida. A l&#8217;acte hi van assitir usuaris, professionals i membres del patronat. I va comptar amb la pres\u00e8ncia de la Sra. N\u00faria Carn\u00e9 (regidora de gent gran activa) i de [&hellip;]<\/p>\n","protected":false},"author":1,"featured_media":4986,"comment_status":"closed","ping_status":"closed","sticky":false,"template":"","format":"standard","meta":{"_acf_changed":false,"footnotes":""},"categories":[],"tags":[],"class_list":["post-4983","post","type-post","status-publish","format-standard","has-post-thumbnail","hentry"],"acf":[],"_links":{"self":[{"href":"https:\/\/fss.cat\/es\/wp-json\/wp\/v2\/posts\/4983","targetHints":{"allow":["GET"]}}],"collection":[{"href":"https:\/\/fss.cat\/es\/wp-json\/wp\/v2\/posts"}],"about":[{"href":"https:\/\/fss.cat\/es\/wp-json\/wp\/v2\/types\/post"}],"author":[{"embeddable":true,"href":"https:\/\/fss.cat\/es\/wp-json\/wp\/v2\/users\/1"}],"replies":[{"embeddable":true,"href":"https:\/\/fss.cat\/es\/wp-json\/wp\/v2\/comments?post=4983"}],"version-history":[{"count":0,"href":"https:\/\/fss.cat\/es\/wp-json\/wp\/v2\/posts\/4983\/revisions"}],"wp:featuredmedia":[{"embeddable":true,"href":"https:\/\/fss.cat\/es\/wp-json\/wp\/v2\/media\/4986"}],"wp:attachment":[{"href":"https:\/\/fss.cat\/es\/wp-json\/wp\/v2\/media?parent=4983"}],"wp:term":[{"taxonomy":"category","embeddable":true,"href":"https:\/\/fss.cat\/es\/wp-json\/wp\/v2\/categories?post=4983"},{"taxonomy":"post_tag","embeddable":true,"href":"https:\/\/fss.cat\/es\/wp-json\/wp\/v2\/tags?post=4983"}],"curies":[{"name":"wp","href":"https:\/\/api.w.org\/{rel}","templated":true}]}}