{"id":4970,"date":"2020-01-16T10:44:53","date_gmt":"2020-01-16T10:44:53","guid":{"rendered":"https:\/\/resi.prova.cat\/6a-edicio-del-cicle-com-podem-millorar-la-nostra-salut\/"},"modified":"2025-07-09T10:36:20","modified_gmt":"2025-07-09T10:36:20","slug":"6a-edicio-del-cicle-com-podem-millorar-la-nostra-salut","status":"publish","type":"post","link":"https:\/\/fss.cat\/es\/6a-edicio-del-cicle-com-podem-millorar-la-nostra-salut\/","title":{"rendered":"6a edici\u00f3 del\u00a0cicle \u00abCom podem millorar la nostra salut\u00bb"},"content":{"rendered":"<div>L&#8217;Associaci\u00f3 Jard\u00ed Santa Susanna i la Fundaci\u00f3 Santa Susanna inicien el dimecres 22 de gener la 6a edici\u00f3 del\u00a0cicle \u00abCom podem millorar la nostra salut\u00bb.<\/div>\n<div><\/div>\n<div>La proposta \u00e9s oferir als ciutadans de Caldes de Montbui un espai informatiu i de debat sobre q\u00fcestions que poden millorar la nostra salut a trav\u00e9s d&#8217;una programaci\u00f3 de sessions mensuals obertes al di\u00e0leg i interactives per seguir promovent la salut, prevenir les limitacions i facilitar l&#8217;adaptaci\u00f3 a noves situacions vitals.<\/div>\n<div><\/div>\n<div>Engunay el cicle es realitzar\u00e0 al nou espai Santa Susanna Cuida. Les activitats continuen sent obertes i gratu\u00eftes, i es realitzaran en dimecres a les 19.00h.<\/div>\n<div><\/div>\n<p><a href=\"https:\/\/fss.cat\/wp-content\/uploads\/2025\/07\/com-millorar-la-nostra-salut-2020.jpg\"><img fetchpriority=\"high\" decoding=\"async\" class=\"aligncenter size-full wp-image-1641\" src=\"https:\/\/fss.cat\/wp-content\/uploads\/2025\/07\/com-millorar-la-nostra-salut-2020.jpg\" alt=\"\" width=\"1018\" height=\"784\" \/><\/a><\/p>\n<div><\/div>\n","protected":false},"excerpt":{"rendered":"<p>L&#8217;Associaci\u00f3 Jard\u00ed Santa Susanna i la Fundaci\u00f3 Santa Susanna inicien el dimecres 22 de gener la 6a edici\u00f3 del\u00a0cicle \u00abCom podem millorar la nostra salut\u00bb. La proposta \u00e9s oferir als ciutadans de Caldes de Montbui un espai informatiu i de debat sobre q\u00fcestions que poden millorar la nostra salut a trav\u00e9s d&#8217;una programaci\u00f3 de sessions [&hellip;]<\/p>\n","protected":false},"author":1,"featured_media":4704,"comment_status":"closed","ping_status":"closed","sticky":false,"template":"","format":"standard","meta":{"_acf_changed":false,"footnotes":""},"categories":[],"tags":[],"class_list":["post-4970","post","type-post","status-publish","format-standard","has-post-thumbnail","hentry"],"acf":[],"_links":{"self":[{"href":"https:\/\/fss.cat\/es\/wp-json\/wp\/v2\/posts\/4970","targetHints":{"allow":["GET"]}}],"collection":[{"href":"https:\/\/fss.cat\/es\/wp-json\/wp\/v2\/posts"}],"about":[{"href":"https:\/\/fss.cat\/es\/wp-json\/wp\/v2\/types\/post"}],"author":[{"embeddable":true,"href":"https:\/\/fss.cat\/es\/wp-json\/wp\/v2\/users\/1"}],"replies":[{"embeddable":true,"href":"https:\/\/fss.cat\/es\/wp-json\/wp\/v2\/comments?post=4970"}],"version-history":[{"count":0,"href":"https:\/\/fss.cat\/es\/wp-json\/wp\/v2\/posts\/4970\/revisions"}],"wp:featuredmedia":[{"embeddable":true,"href":"https:\/\/fss.cat\/es\/wp-json\/wp\/v2\/media\/4704"}],"wp:attachment":[{"href":"https:\/\/fss.cat\/es\/wp-json\/wp\/v2\/media?parent=4970"}],"wp:term":[{"taxonomy":"category","embeddable":true,"href":"https:\/\/fss.cat\/es\/wp-json\/wp\/v2\/categories?post=4970"},{"taxonomy":"post_tag","embeddable":true,"href":"https:\/\/fss.cat\/es\/wp-json\/wp\/v2\/tags?post=4970"}],"curies":[{"name":"wp","href":"https:\/\/api.w.org\/{rel}","templated":true}]}}