{"id":4966,"date":"2019-12-09T11:51:44","date_gmt":"2019-12-09T11:51:44","guid":{"rendered":"https:\/\/resi.prova.cat\/primer-any-de-funcionament-dels-espais-de-lhospital-de-dia\/"},"modified":"2019-12-09T11:51:44","modified_gmt":"2019-12-09T11:51:44","slug":"primer-any-de-funcionament-dels-espais-de-lhospital-de-dia","status":"publish","type":"post","link":"https:\/\/fss.cat\/es\/primer-any-de-funcionament-dels-espais-de-lhospital-de-dia\/","title":{"rendered":"Primer any de funcionament dels espais de l&#8217;Hospital de dia"},"content":{"rendered":"<p>Fa un any que l&#8217;Hospital de dia disposa d&#8217;unes sales pr\u00f2pies on realitzar les activitats del servei. Han passat per aquestes sales 57 persones d&#8217;Hospital de dia psicogeri\u00e0tric i 25 persones de Serveis di\u00fcrns sociosanitaris. Durant aquests mesos de funcionament hem pogut constatar com el servei ha experimentat una s\u00e8rie de millores.<\/p>\n<p>D&#8217;una banda, les diferents activitats que es realitzen disposen d&#8217;un <strong>espai propi<\/strong> on les persones usu\u00e0ries poden sentir-se com a casa i que els serveix com a punt de refer\u00e8ncia, i, en fer-ho, els atorga l&#8217;autonomia suficient per a moure&#8217;s amb major seguretat entre els diferents espais que utilitzen. Pels professionals, ens permet veure els usuaris i accedir a ells amb major facilitat.<\/p>\n<p>Disposar d&#8217;espais espec\u00edfics ha perm\u00e8s ampliar la intervenci\u00f3 diversificant les activitats, augmentant l&#8217;horari del servei a la tarda. A m\u00e9s ha suposat tenir un espai de relaci\u00f3 social, compartint \u00e0pats i sobretaula, que enforteix encara m\u00e9s els vincles establerts entre els usuaris i incrementa el sentiment de pertinen\u00e7a a un grup, cobrint necessitats b\u00e0siques afectives de la persona.<\/p>\n<p>Pels familiars que participen en els grups de suport, els permet connectar amb el seu rol de cuidador, ja que acudeixen al mateix espai on la persona a qui cuiden realitza les activitats setmanals i poden veure com es porten a terme.<\/p>\n<p>A part dels bons resultats propis del servei, ha representat un enriquiment dels recursos sociosanitaris d&#8217;internament, ja que \u00e9s un espai m\u00e9s a utilitzar per realitzar activitats dirigides a persones ingressades. De moment, una vegada a la setmana, es duu a terme un grup d&#8217;estimulaci\u00f3 cognitiva per a\u00a0<span class=\"hiddenGrammarError\">alguns<\/span>\u00a0d&#8217;elles, per\u00f2 les possibilitats s\u00f3n infinites i en el futur podrien organitzar-se activitats dirigides a altres necessitats.<\/p>\n<p>Aquest Nadal, amb la inauguraci\u00f3 del nou espai a la planta 2 de la Fundaci\u00f3 Sociosanit\u00e0ria Santa Susanna, iniciarem el projecte <strong>Santa Susanna Cuida<\/strong> per continuar ampliant l&#8217;atenci\u00f3 als usuaris i a les seves fam\u00edlies, aix\u00ed com als voluntaris i professionals del centre, i a la poblaci\u00f3 interessada\u00a0<span class=\"hiddenGrammarError\">en<\/span>\u00a0acompanyar i viure\u00a0<span class=\"hiddenGrammarError\" style=\"padding-bottom: 2px; background-image: url('..\/..\/..\/..\/..\/images\/squiggle.png'); background-repeat: repeat-x; background-position: left bottom; cursor: default; color: #666666; font-family: 'Open Sans', Helvetica, Arial, sans-serif; font-size: 16px; font-style: normal; font-variant-ligatures: normal; font-variant-caps: normal; font-weight: 300; letter-spacing: normal; orphans: 2; text-align: start; text-indent: 0px; text-transform: none; white-space: normal; widows: 2; word-spacing: 0px; -webkit-text-stroke-width: 0px; text-decoration-style: initial; text-decoration-color: initial;\">el propi proc\u00e9s<\/span>\u00a0d&#8217;envelliment i\/o malaltia o del seu familiar.<\/p>\n","protected":false},"excerpt":{"rendered":"<p>Fa un any que l&#8217;Hospital de dia disposa d&#8217;unes sales pr\u00f2pies on realitzar les activitats del servei. Han passat per aquestes sales 57 persones d&#8217;Hospital de dia psicogeri\u00e0tric i 25 persones de Serveis di\u00fcrns sociosanitaris. Durant aquests mesos de funcionament hem pogut constatar com el servei ha experimentat una s\u00e8rie de millores. D&#8217;una banda, les [&hellip;]<\/p>\n","protected":false},"author":1,"featured_media":4967,"comment_status":"closed","ping_status":"closed","sticky":false,"template":"","format":"standard","meta":{"_acf_changed":false,"footnotes":""},"categories":[],"tags":[],"class_list":["post-4966","post","type-post","status-publish","format-standard","has-post-thumbnail","hentry"],"acf":[],"_links":{"self":[{"href":"https:\/\/fss.cat\/es\/wp-json\/wp\/v2\/posts\/4966","targetHints":{"allow":["GET"]}}],"collection":[{"href":"https:\/\/fss.cat\/es\/wp-json\/wp\/v2\/posts"}],"about":[{"href":"https:\/\/fss.cat\/es\/wp-json\/wp\/v2\/types\/post"}],"author":[{"embeddable":true,"href":"https:\/\/fss.cat\/es\/wp-json\/wp\/v2\/users\/1"}],"replies":[{"embeddable":true,"href":"https:\/\/fss.cat\/es\/wp-json\/wp\/v2\/comments?post=4966"}],"version-history":[{"count":0,"href":"https:\/\/fss.cat\/es\/wp-json\/wp\/v2\/posts\/4966\/revisions"}],"wp:featuredmedia":[{"embeddable":true,"href":"https:\/\/fss.cat\/es\/wp-json\/wp\/v2\/media\/4967"}],"wp:attachment":[{"href":"https:\/\/fss.cat\/es\/wp-json\/wp\/v2\/media?parent=4966"}],"wp:term":[{"taxonomy":"category","embeddable":true,"href":"https:\/\/fss.cat\/es\/wp-json\/wp\/v2\/categories?post=4966"},{"taxonomy":"post_tag","embeddable":true,"href":"https:\/\/fss.cat\/es\/wp-json\/wp\/v2\/tags?post=4966"}],"curies":[{"name":"wp","href":"https:\/\/api.w.org\/{rel}","templated":true}]}}