{"id":4961,"date":"2019-12-09T11:43:20","date_gmt":"2019-12-09T11:43:20","guid":{"rendered":"https:\/\/resi.prova.cat\/finalitzat-amb-exit-el-club-de-lectura-llegir-per-sanar\/"},"modified":"2025-07-09T10:36:13","modified_gmt":"2025-07-09T10:36:13","slug":"finalitzat-amb-exit-el-club-de-lectura-llegir-per-sanar","status":"publish","type":"post","link":"https:\/\/fss.cat\/es\/finalitzat-amb-exit-el-club-de-lectura-llegir-per-sanar\/","title":{"rendered":"Finalitzat amb \u00e8xit el club de lectura \u00abLlegir per sanar\u00bb"},"content":{"rendered":"<p>El passat 20 de novembre va tenir lloc la cloenda de la <strong>primera edici\u00f3 del club de lectura \u00abLlegir per sanar\u00bb de la Fundaci\u00f3 Sociosanit\u00e0ria Santa Susanna<\/strong>.<br \/>\nL&#8217;acte va comptar amb l&#8217;assist\u00e8ncia d&#8217;una vocal del comit\u00e8 d&#8217;\u00e8tica de l&#8217;Hospital General de Granollers i una bibliotec\u00e0ria.<\/p>\n<p>L&#8217;experi\u00e8ncia, que es va iniciar per sant Jordi, ha estat acompanyada des del <strong>Comit\u00e8 d&#8217;\u00e8tica Assistencial del Vall\u00e8s Oriental Centre (<span class=\"hiddenSpellError\">C\u00e8AVOC<\/span>)<\/strong>. Hi ha participat un grup de 12 a 15 persones format majorit\u00e0riament per professionals de la fundaci\u00f3 i d&#8217;atenci\u00f3 prim\u00e0ria aix\u00ed com de persones volunt\u00e0ries.<br \/>\nLa resposta ha resultat molt encoratjadora: l&#8217;inter\u00e8s i la participaci\u00f3 augura una nova edici\u00f3 el 2020 que\u00a0aviat\u00a0us presentarem.<\/p>\n<p>Els llibres que han llegit i compartit, amb l&#8217;objectiu de treballar l&#8217;enriquiment personal i social que fa possible atendre a les persones des dels equips sanitaris, s\u00f3n:<br \/>\n<strong>La mort d&#8217;Ivan\u00a0<span class=\"hiddenSpellError\">Illitx<\/span><\/strong>\u00a0(Lle\u00f3 Tolstoi)<br \/>\n<strong>El curi\u00f3s incident del gos a mitjanit<\/strong> (<span class=\"hiddenSpellError\">Mark<\/span>\u00a0<span class=\"hiddenSpellError\">Haddon<\/span>)<br \/>\n<strong>Reparar els vius<\/strong> (<span class=\"hiddenSpellError\">Maylis<\/span>\u00a0de\u00a0<span class=\"hiddenSpellError\">Kerangal<\/span>)<br \/>\n<strong>Morfina. Relats d&#8217;un jove metge<\/strong> (Mikha\u00efl\u00a0<span class=\"hiddenSpellError\">Bulg\u00e0kov<\/span>)<\/p>\n<p><a href=\"https:\/\/fss.cat\/wp-content\/uploads\/2025\/07\/IMG-20190522-WA0007.jpg\"><img fetchpriority=\"high\" decoding=\"async\" class=\"aligncenter wp-image-1596 size-large\" src=\"https:\/\/fss.cat\/wp-content\/uploads\/2025\/07\/IMG-20190522-WA0007-1024x595.jpg\" alt=\"\" width=\"710\" height=\"413\" \/><\/a><\/p>\n<p><strong>Els clubs de lectura<\/strong><\/p>\n<p>Els clubs de lectura per a professionals sanitaris es tracta d&#8217;una iniciativa que la Societat Catalana de Bio\u00e8tica juntament amb Barcelona Ciutat de la Literatura i la Universitat Oberta de Catalunya varen iniciar fa dos anys en biblioteques i llibreries. Enguany s&#8217;han iniciat clubs a nous centres com la Fundaci\u00f3 Sociosanit\u00e0ria Santa Susanna, Badalona Serveis Assistencials, l&#8217;Hospital de Sant Pau o l&#8217;Hospital de Bellvitge entre d&#8217;altres.<br \/>\nEs tracta d&#8217;una activitat que s&#8217;acompanya des dels comit\u00e8s d&#8217;\u00e8tica assistencial i en el nostre cas el club ha estat organitzat pel\u00a0<span class=\"hiddenSpellError\">C\u00e8AVOC<\/span>\u00a0(Comit\u00e8 d&#8217;\u00e8tica Assistencial del Vall\u00e8s Oriental Centre).<\/p>\n","protected":false},"excerpt":{"rendered":"<p>El passat 20 de novembre va tenir lloc la cloenda de la primera edici\u00f3 del club de lectura \u00abLlegir per sanar\u00bb de la Fundaci\u00f3 Sociosanit\u00e0ria Santa Susanna. L&#8217;acte va comptar amb l&#8217;assist\u00e8ncia d&#8217;una vocal del comit\u00e8 d&#8217;\u00e8tica de l&#8217;Hospital General de Granollers i una bibliotec\u00e0ria. L&#8217;experi\u00e8ncia, que es va iniciar per sant Jordi, ha estat [&hellip;]<\/p>\n","protected":false},"author":1,"featured_media":4964,"comment_status":"closed","ping_status":"closed","sticky":false,"template":"","format":"standard","meta":{"_acf_changed":false,"footnotes":""},"categories":[],"tags":[],"class_list":["post-4961","post","type-post","status-publish","format-standard","has-post-thumbnail","hentry"],"acf":[],"_links":{"self":[{"href":"https:\/\/fss.cat\/es\/wp-json\/wp\/v2\/posts\/4961","targetHints":{"allow":["GET"]}}],"collection":[{"href":"https:\/\/fss.cat\/es\/wp-json\/wp\/v2\/posts"}],"about":[{"href":"https:\/\/fss.cat\/es\/wp-json\/wp\/v2\/types\/post"}],"author":[{"embeddable":true,"href":"https:\/\/fss.cat\/es\/wp-json\/wp\/v2\/users\/1"}],"replies":[{"embeddable":true,"href":"https:\/\/fss.cat\/es\/wp-json\/wp\/v2\/comments?post=4961"}],"version-history":[{"count":0,"href":"https:\/\/fss.cat\/es\/wp-json\/wp\/v2\/posts\/4961\/revisions"}],"wp:featuredmedia":[{"embeddable":true,"href":"https:\/\/fss.cat\/es\/wp-json\/wp\/v2\/media\/4964"}],"wp:attachment":[{"href":"https:\/\/fss.cat\/es\/wp-json\/wp\/v2\/media?parent=4961"}],"wp:term":[{"taxonomy":"category","embeddable":true,"href":"https:\/\/fss.cat\/es\/wp-json\/wp\/v2\/categories?post=4961"},{"taxonomy":"post_tag","embeddable":true,"href":"https:\/\/fss.cat\/es\/wp-json\/wp\/v2\/tags?post=4961"}],"curies":[{"name":"wp","href":"https:\/\/api.w.org\/{rel}","templated":true}]}}