{"id":4952,"date":"2019-11-28T09:33:41","date_gmt":"2019-11-28T09:33:41","guid":{"rendered":"https:\/\/resi.prova.cat\/ajudans-a-adequar-lespai-del-nou-projecte-santa-susanna-cuida\/"},"modified":"2025-07-09T10:36:06","modified_gmt":"2025-07-09T10:36:06","slug":"ajudans-a-adequar-lespai-del-nou-projecte-santa-susanna-cuida","status":"publish","type":"post","link":"https:\/\/fss.cat\/es\/ajudans-a-adequar-lespai-del-nou-projecte-santa-susanna-cuida\/","title":{"rendered":"Ajuda&#8217;ns a adequar l\u2019espai del nou projecte \u201cSanta Susanna Cuida\u00bb"},"content":{"rendered":"<p>La Fundaci\u00f3 Santa Susanna participa de nou al <strong>GivingTuesday, el moviment global de solidaritat<\/strong> que se celebra aquest any el 3 de desembre, just despr\u00e9s del BlackFriday i el CyberMonday com a crida a la solidaritat en contrast amb les jornades de compres i consum.<\/p>\n<p><a href=\"https:\/\/fss.cat\/wp-content\/uploads\/2025\/07\/logogt_cat.png\"><img decoding=\"async\" class=\"aligncenter size-medium wp-image-1563\" src=\"https:\/\/fss.cat\/wp-content\/uploads\/2025\/07\/logogt_cat-300x41.png\" alt=\"\" width=\"300\" height=\"41\" \/><\/a><\/p>\n<p><strong>En aquesta 4a ocasi\u00f3 la Fundaci\u00f3 vol recaptar fons per adequar l\u2019espai del nou projecte Santa Susanna Cuida<\/strong> que s\u2019ubicar\u00e0 a la sala que hi ha just a l\u2019entrada del carrer Font i Boet i on s\u2019hi realitzaran activitats relacionades amb la salut i la cura de les persones. L\u2019espai, que s\u2019inaugurar\u00e0 per Nadal, estar\u00e0 obert a les persones que tinguin inter\u00e8s i\/o necessitat per acompanyar i viure el propi proc\u00e9s d\u2019envelliment i\/o malaltia o del seu familiar. Est\u00e0 previst que s\u2019hi reuneixin els equips de professionals i el grup de voluntariat; i que hi tinguin lloc els grups per acompanyar els familiars cuidadors, activitats per promoure el benestar dels usuaris, les trobades del club de lectura \u201cLlegir per sanar\u201d i activitats obertes a la poblaci\u00f3 per promoure h\u00e0bits saludables com el cicle \u201cCom podem millorar la nostra salut\u201d organitzat conjuntament amb l&#8217;Associaci\u00f3 Jard\u00ed Santa Susanna, entre d\u2019altres.<\/p>\n<p><a href=\"https:\/\/fss.cat\/wp-content\/uploads\/2025\/07\/santa-susanna-cuida-relleu-El-paradis-Dolors-Molina-copia.jpg\"><img fetchpriority=\"high\" decoding=\"async\" class=\"aligncenter size-medium wp-image-1562\" src=\"https:\/\/fss.cat\/wp-content\/uploads\/2025\/07\/santa-susanna-cuida-relleu-El-paradis-Dolors-Molina-copia-300x177.jpg\" alt=\"\" width=\"300\" height=\"177\" \/><\/a><\/p>\n<p>L\u2019import que es vol aconseguir s\u00f3n 2.472 \u20ac. Es pot col\u00b7laborar amb la Fundaci\u00f3 participant al <strong>dinar ben\u00e8fic que es realitzar\u00e0 el mateix dimarts 3<\/strong> al Punt de trobada de l\u2019entitat (les inscripcions al qual ja s\u2019han obert), fent un <a href=\"http:\/\/givingtuesday.cat\/projects\/ajudans-a-adequar-lespai-del-nou-projecte-santa-susanna-cuida\/\">donatiu econ\u00f2mic mitjan\u00e7ant la plataforma Giving Tuesday<\/a> o a les guardioles que hi ha a les recepcions de l\u2019edifici i comprant participacions per al sorteig d\u2019una panera solid\u00e0ria.<\/p>\n<p>El dimarts 3, dia del Giving Tuesday i del dinar ben\u00e8fic, es presentar\u00e0 la moto el\u00e8ctrica per al servei de menjador a domicili que en part va ser finan\u00e7ada amb els donatius del Giving Tuesday de l\u2019any anterior.<\/p>\n","protected":false},"excerpt":{"rendered":"<p>La Fundaci\u00f3 Santa Susanna participa de nou al GivingTuesday, el moviment global de solidaritat que se celebra aquest any el 3 de desembre, just despr\u00e9s del BlackFriday i el CyberMonday com a crida a la solidaritat en contrast amb les jornades de compres i consum. En aquesta 4a ocasi\u00f3 la Fundaci\u00f3 vol recaptar fons per [&hellip;]<\/p>\n","protected":false},"author":1,"featured_media":4956,"comment_status":"closed","ping_status":"closed","sticky":false,"template":"","format":"standard","meta":{"_acf_changed":false,"footnotes":""},"categories":[],"tags":[],"class_list":["post-4952","post","type-post","status-publish","format-standard","has-post-thumbnail","hentry"],"acf":[],"_links":{"self":[{"href":"https:\/\/fss.cat\/es\/wp-json\/wp\/v2\/posts\/4952","targetHints":{"allow":["GET"]}}],"collection":[{"href":"https:\/\/fss.cat\/es\/wp-json\/wp\/v2\/posts"}],"about":[{"href":"https:\/\/fss.cat\/es\/wp-json\/wp\/v2\/types\/post"}],"author":[{"embeddable":true,"href":"https:\/\/fss.cat\/es\/wp-json\/wp\/v2\/users\/1"}],"replies":[{"embeddable":true,"href":"https:\/\/fss.cat\/es\/wp-json\/wp\/v2\/comments?post=4952"}],"version-history":[{"count":0,"href":"https:\/\/fss.cat\/es\/wp-json\/wp\/v2\/posts\/4952\/revisions"}],"wp:featuredmedia":[{"embeddable":true,"href":"https:\/\/fss.cat\/es\/wp-json\/wp\/v2\/media\/4956"}],"wp:attachment":[{"href":"https:\/\/fss.cat\/es\/wp-json\/wp\/v2\/media?parent=4952"}],"wp:term":[{"taxonomy":"category","embeddable":true,"href":"https:\/\/fss.cat\/es\/wp-json\/wp\/v2\/categories?post=4952"},{"taxonomy":"post_tag","embeddable":true,"href":"https:\/\/fss.cat\/es\/wp-json\/wp\/v2\/tags?post=4952"}],"curies":[{"name":"wp","href":"https:\/\/api.w.org\/{rel}","templated":true}]}}