{"id":4950,"date":"2019-11-07T10:09:33","date_gmt":"2019-11-07T10:09:33","guid":{"rendered":"https:\/\/resi.prova.cat\/santa-susanna-es-noticia-octubre-2019\/"},"modified":"2019-11-07T10:09:33","modified_gmt":"2019-11-07T10:09:33","slug":"santa-susanna-es-noticia-octubre-2019","status":"publish","type":"post","link":"https:\/\/fss.cat\/es\/santa-susanna-es-noticia-octubre-2019\/","title":{"rendered":"Santa Susanna \u00e9s not\u00edcia (octubre 2019)"},"content":{"rendered":"<p>Aquest \u00e9s el recull de not\u00edcies vinculades a Santa Susanna del mes d&#8217;octubre:<\/p>\n<ul>\n<li>3a Caminada per l&#8217;Alzheimer<\/li>\n<li>Resposta a l&#8217;article d&#8217;opini\u00f3 sobre la sala de vetlles i la sala del piano<\/li>\n<li>Programa Viv\u00e8ncies a R\u00e0dio Caldes: les col\u00f2nies per a gent gran<\/li>\n<\/ul>\n<p><a href=\"http:\/\/www.fss.cat\/wp-content\/uploads\/2019\/11\/recull-de-premsa-2019-octubre.pdf\">recull de premsa 2019 octubre<\/a><\/p>\n<p>&nbsp;<\/p>\n","protected":false},"excerpt":{"rendered":"<p>Aquest \u00e9s el recull de not\u00edcies vinculades a Santa Susanna del mes d&#8217;octubre: 3a Caminada per l&#8217;Alzheimer Resposta a l&#8217;article d&#8217;opini\u00f3 sobre la sala de vetlles i la sala del piano Programa Viv\u00e8ncies a R\u00e0dio Caldes: les col\u00f2nies per a gent gran recull de premsa 2019 octubre &nbsp;<\/p>\n","protected":false},"author":1,"featured_media":0,"comment_status":"closed","ping_status":"closed","sticky":false,"template":"","format":"standard","meta":{"_acf_changed":false,"footnotes":""},"categories":[],"tags":[],"class_list":["post-4950","post","type-post","status-publish","format-standard","hentry"],"acf":[],"_links":{"self":[{"href":"https:\/\/fss.cat\/es\/wp-json\/wp\/v2\/posts\/4950","targetHints":{"allow":["GET"]}}],"collection":[{"href":"https:\/\/fss.cat\/es\/wp-json\/wp\/v2\/posts"}],"about":[{"href":"https:\/\/fss.cat\/es\/wp-json\/wp\/v2\/types\/post"}],"author":[{"embeddable":true,"href":"https:\/\/fss.cat\/es\/wp-json\/wp\/v2\/users\/1"}],"replies":[{"embeddable":true,"href":"https:\/\/fss.cat\/es\/wp-json\/wp\/v2\/comments?post=4950"}],"version-history":[{"count":0,"href":"https:\/\/fss.cat\/es\/wp-json\/wp\/v2\/posts\/4950\/revisions"}],"wp:attachment":[{"href":"https:\/\/fss.cat\/es\/wp-json\/wp\/v2\/media?parent=4950"}],"wp:term":[{"taxonomy":"category","embeddable":true,"href":"https:\/\/fss.cat\/es\/wp-json\/wp\/v2\/categories?post=4950"},{"taxonomy":"post_tag","embeddable":true,"href":"https:\/\/fss.cat\/es\/wp-json\/wp\/v2\/tags?post=4950"}],"curies":[{"name":"wp","href":"https:\/\/api.w.org\/{rel}","templated":true}]}}