{"id":4945,"date":"2019-11-05T11:47:17","date_gmt":"2019-11-05T11:47:17","guid":{"rendered":"https:\/\/resi.prova.cat\/unim-experiencies\/"},"modified":"2025-07-09T10:36:04","modified_gmt":"2025-07-09T10:36:04","slug":"unim-experiencies","status":"publish","type":"post","link":"https:\/\/fss.cat\/es\/unim-experiencies\/","title":{"rendered":"Unim experi\u00e8ncies"},"content":{"rendered":"<p>\u00abUnim experi\u00e8ncies\u00bb \u00e9s el nou <strong>lema pel curs 2019-20<\/strong> de les tres fundacions de <strong>Santa Susanna<\/strong>.<\/p>\n<p>El lema vol reivindicar la import\u00e0ncia que t\u00e9 cada experi\u00e8ncia per qui la viu, es tracti d&#8217;una persona usu\u00e0ria, d&#8217;un familiar, d&#8217;una persona que est\u00e0 fent un voluntariat al centre o d&#8217;un professional que hi treballa. I, a m\u00e9s a m\u00e9s, la riquesa de compartir i sumar aquestes viv\u00e8ncies i aprenentatges.<\/p>\n<p><a href=\"https:\/\/fss.cat\/wp-content\/uploads\/2025\/07\/imatge-unim-experiencies-curs-2019-20-som-fundacio.jpg\"><img fetchpriority=\"high\" decoding=\"async\" class=\"aligncenter wp-image-1535 size-large\" src=\"https:\/\/fss.cat\/wp-content\/uploads\/2025\/07\/imatge-unim-experiencies-curs-2019-20-som-fundacio-1024x416.jpg\" alt=\"\" width=\"710\" height=\"288\" \/><\/a><\/p>\n<p>Unim experi\u00e8ncies per escoltar i aix\u00ed\u00a0con\u00e8ixer-nos i respectar-nos m\u00fatuament.<br \/>\nUnim experi\u00e8ncies per aprendre els uns dels altres i d&#8217;aquesta manera enriquir-nos.<br \/>\nUnim experi\u00e8ncies per\u00a0sumar esfor\u00e7os tot augmentant la nostra for\u00e7a.<br \/>\nUnim experi\u00e8ncies per construir plegats nous horitzons i noves experi\u00e8ncies.<br \/>\nUnim experi\u00e8ncies!<\/p>\n<p><a href=\"http:\/\/www.fss.cat\/wp-content\/uploads\/2019\/11\/presentaci\u00f3-lema-UNIM-EXPERI\u00c8NCIES-2019-20.pdf\">Presentaci\u00f3 lema UNIM EXPERI\u00c8NCIES 2019-20<\/a><\/p>\n","protected":false},"excerpt":{"rendered":"<p>\u00abUnim experi\u00e8ncies\u00bb \u00e9s el nou lema pel curs 2019-20 de les tres fundacions de Santa Susanna. El lema vol reivindicar la import\u00e0ncia que t\u00e9 cada experi\u00e8ncia per qui la viu, es tracti d&#8217;una persona usu\u00e0ria, d&#8217;un familiar, d&#8217;una persona que est\u00e0 fent un voluntariat al centre o d&#8217;un professional que hi treballa. I, a m\u00e9s [&hellip;]<\/p>\n","protected":false},"author":1,"featured_media":4948,"comment_status":"closed","ping_status":"closed","sticky":false,"template":"","format":"standard","meta":{"_acf_changed":false,"footnotes":""},"categories":[],"tags":[],"class_list":["post-4945","post","type-post","status-publish","format-standard","has-post-thumbnail","hentry"],"acf":[],"_links":{"self":[{"href":"https:\/\/fss.cat\/es\/wp-json\/wp\/v2\/posts\/4945","targetHints":{"allow":["GET"]}}],"collection":[{"href":"https:\/\/fss.cat\/es\/wp-json\/wp\/v2\/posts"}],"about":[{"href":"https:\/\/fss.cat\/es\/wp-json\/wp\/v2\/types\/post"}],"author":[{"embeddable":true,"href":"https:\/\/fss.cat\/es\/wp-json\/wp\/v2\/users\/1"}],"replies":[{"embeddable":true,"href":"https:\/\/fss.cat\/es\/wp-json\/wp\/v2\/comments?post=4945"}],"version-history":[{"count":0,"href":"https:\/\/fss.cat\/es\/wp-json\/wp\/v2\/posts\/4945\/revisions"}],"wp:featuredmedia":[{"embeddable":true,"href":"https:\/\/fss.cat\/es\/wp-json\/wp\/v2\/media\/4948"}],"wp:attachment":[{"href":"https:\/\/fss.cat\/es\/wp-json\/wp\/v2\/media?parent=4945"}],"wp:term":[{"taxonomy":"category","embeddable":true,"href":"https:\/\/fss.cat\/es\/wp-json\/wp\/v2\/categories?post=4945"},{"taxonomy":"post_tag","embeddable":true,"href":"https:\/\/fss.cat\/es\/wp-json\/wp\/v2\/tags?post=4945"}],"curies":[{"name":"wp","href":"https:\/\/api.w.org\/{rel}","templated":true}]}}