{"id":4941,"date":"2019-10-29T11:28:39","date_gmt":"2019-10-29T11:28:39","guid":{"rendered":"https:\/\/resi.prova.cat\/gracies-per-col%c2%b7laborar-a-equipar-el-punt-de-trobada\/"},"modified":"2019-10-29T11:28:39","modified_gmt":"2019-10-29T11:28:39","slug":"gracies-per-col%c2%b7laborar-a-equipar-el-punt-de-trobada","status":"publish","type":"post","link":"https:\/\/fss.cat\/es\/gracies-per-col%c2%b7laborar-a-equipar-el-punt-de-trobada\/","title":{"rendered":"Gr\u00e0cies per col\u00b7laborar a equipar el Punt de trobada!"},"content":{"rendered":"<p>Un any m\u00e9s<b>\u00a0volem agrair la col\u00b7laboraci\u00f3<\/b>\u00a0de totes les botigues, de tots els particulars i del grup de voluntaris que, amb la seva col\u00b7laboraci\u00f3, han fet possible la\u00a0<b>21a edici\u00f3 de la T\u00f3mbola de Festa Major de la Fundaci\u00f3 d&#8217;Acollida Santa Susanna<\/b>.<\/p>\n<p>S\u2019han recollit\u00a0<b>1.440 \u20ac\u00a0<\/b>que s&#8217;han destinat a comprar\u00a0<b>un ordinador per a activitats i la millora del sistema de so del Punt de trobada<\/b>. El Punt de trobada ha volgut ser, des de la seva inauguraci\u00f3 l\u2019octubre del 2011, un espai de relaci\u00f3 i conviv\u00e8ncia entre persones de diferents edats. \u00c9s l\u2019espai de les activitats centrals on coincideixen els residents de les diferents plantes a gaudir d\u2019una estona d\u2019oci. I \u00e9s tamb\u00e9 un espai on hi coincideixen familiars, on entitats calderines v\u00e9nen a compartir les seves aficions i on nombrosos calderins i calderines gaudeixen de les activitats que s\u2019hi organitzen.<\/p>\n<div>\n<div>Hem aconseguit, un any m\u00e9s, fer una activitat oberta i participativa on molta gent del poble es pot implicar i col\u00b7laborar amb la Fundaci\u00f3. Gr\u00e0cies a tothom i fins l\u2019any vinent!<\/div>\n<\/div>\n","protected":false},"excerpt":{"rendered":"<p>Un any m\u00e9s\u00a0volem agrair la col\u00b7laboraci\u00f3\u00a0de totes les botigues, de tots els particulars i del grup de voluntaris que, amb la seva col\u00b7laboraci\u00f3, han fet possible la\u00a021a edici\u00f3 de la T\u00f3mbola de Festa Major de la Fundaci\u00f3 d&#8217;Acollida Santa Susanna. S\u2019han recollit\u00a01.440 \u20ac\u00a0que s&#8217;han destinat a comprar\u00a0un ordinador per a activitats i la millora del [&hellip;]<\/p>\n","protected":false},"author":1,"featured_media":4942,"comment_status":"closed","ping_status":"closed","sticky":false,"template":"","format":"standard","meta":{"_acf_changed":false,"footnotes":""},"categories":[],"tags":[],"class_list":["post-4941","post","type-post","status-publish","format-standard","has-post-thumbnail","hentry"],"acf":[],"_links":{"self":[{"href":"https:\/\/fss.cat\/es\/wp-json\/wp\/v2\/posts\/4941","targetHints":{"allow":["GET"]}}],"collection":[{"href":"https:\/\/fss.cat\/es\/wp-json\/wp\/v2\/posts"}],"about":[{"href":"https:\/\/fss.cat\/es\/wp-json\/wp\/v2\/types\/post"}],"author":[{"embeddable":true,"href":"https:\/\/fss.cat\/es\/wp-json\/wp\/v2\/users\/1"}],"replies":[{"embeddable":true,"href":"https:\/\/fss.cat\/es\/wp-json\/wp\/v2\/comments?post=4941"}],"version-history":[{"count":0,"href":"https:\/\/fss.cat\/es\/wp-json\/wp\/v2\/posts\/4941\/revisions"}],"wp:featuredmedia":[{"embeddable":true,"href":"https:\/\/fss.cat\/es\/wp-json\/wp\/v2\/media\/4942"}],"wp:attachment":[{"href":"https:\/\/fss.cat\/es\/wp-json\/wp\/v2\/media?parent=4941"}],"wp:term":[{"taxonomy":"category","embeddable":true,"href":"https:\/\/fss.cat\/es\/wp-json\/wp\/v2\/categories?post=4941"},{"taxonomy":"post_tag","embeddable":true,"href":"https:\/\/fss.cat\/es\/wp-json\/wp\/v2\/tags?post=4941"}],"curies":[{"name":"wp","href":"https:\/\/api.w.org\/{rel}","templated":true}]}}