{"id":4935,"date":"2019-10-01T09:42:22","date_gmt":"2019-10-01T09:42:22","guid":{"rendered":"https:\/\/resi.prova.cat\/vii-dia-europeu-de-les-fundacions-i-donants\/"},"modified":"2025-07-09T10:36:01","modified_gmt":"2025-07-09T10:36:01","slug":"vii-dia-europeu-de-les-fundacions-i-donants","status":"publish","type":"post","link":"https:\/\/fss.cat\/es\/vii-dia-europeu-de-les-fundacions-i-donants\/","title":{"rendered":"VII Dia Europeu de les Fundacions i Donants"},"content":{"rendered":"<p>Avui,\u00a01 d\u2019octubre, se celebra el VII Dia Europeu de les Fundacions i Donants.<\/p>\n<p><a href=\"https:\/\/fss.cat\/wp-content\/uploads\/2025\/07\/unnamed-1.jpg\"><img decoding=\"async\" class=\"aligncenter size-medium wp-image-1492\" src=\"https:\/\/fss.cat\/wp-content\/uploads\/2025\/07\/unnamed-1-300x122.jpg\" alt=\"\" width=\"300\" height=\"122\" \/><\/a><\/p>\n<div>Es tracta d&#8217;una iniciativa de\u00a0<a href=\"https:\/\/ccfundacions.us18.list-manage.com\/track\/click?u=67fcacb936afc00afd4f90366&amp;id=7157cb7aa0&amp;e=d00c85834e\" target=\"_blank\" rel=\"noopener noreferrer\" data-saferedirecturl=\"https:\/\/www.google.com\/url?q=https:\/\/ccfundacions.us18.list-manage.com\/track\/click?u%3D67fcacb936afc00afd4f90366%26id%3D7157cb7aa0%26e%3Dd00c85834e&amp;source=gmail&amp;ust=1570091118514000&amp;usg=AFQjCNHWfaB1HotzosKxYPGuGOL-wZs_XA\">DAFNE\u00a0<\/a>(Donors and Foundations Networks in Europe) a trav\u00e9s de la qual fundacions de tot el continent europeu s&#8217;uneixen en una acci\u00f3 comuna per potenciar el reconeixement social i econ\u00f2mic del sector fundacional.<\/div>\n<div><\/div>\n<div>Des de la Fundaci\u00f3 Santa Susanna volem agrair la col\u00b7laboraci\u00f3 de totes les persones que han fet donatius per al manteniment i millora de la nostra instituci\u00f3.<\/div>\n<div>Concretament, el 2018, vam rebre 115.702,14 \u20ac de donatius. Aquesta xifra prov\u00e9 de 6 activitats ben\u00e8fiques, de 4 particulars i de 4 entitats.<\/div>\n<div><strong>Agra\u00efm de nou aquest gest que permet continuar la nostra hist\u00f2ria d&#8217;hospitalitat!<\/strong><\/div>\n<div><a href=\"https:\/\/fss.cat\/wp-content\/uploads\/2025\/07\/300_0403090442_antic_hospital-1.jpg\"><img fetchpriority=\"high\" decoding=\"async\" class=\"aligncenter size-medium wp-image-1195\" src=\"https:\/\/fss.cat\/wp-content\/uploads\/2025\/07\/300_0403090442_antic_hospital-1-227x300.jpg\" alt=\"\" width=\"227\" height=\"300\" \/><\/a><\/div>\n","protected":false},"excerpt":{"rendered":"<p>Avui,\u00a01 d\u2019octubre, se celebra el VII Dia Europeu de les Fundacions i Donants. Es tracta d&#8217;una iniciativa de\u00a0DAFNE\u00a0(Donors and Foundations Networks in Europe) a trav\u00e9s de la qual fundacions de tot el continent europeu s&#8217;uneixen en una acci\u00f3 comuna per potenciar el reconeixement social i econ\u00f2mic del sector fundacional. Des de la Fundaci\u00f3 Santa Susanna [&hellip;]<\/p>\n","protected":false},"author":1,"featured_media":4939,"comment_status":"closed","ping_status":"closed","sticky":false,"template":"","format":"standard","meta":{"_acf_changed":false,"footnotes":""},"categories":[],"tags":[],"class_list":["post-4935","post","type-post","status-publish","format-standard","has-post-thumbnail","hentry"],"acf":[],"_links":{"self":[{"href":"https:\/\/fss.cat\/es\/wp-json\/wp\/v2\/posts\/4935","targetHints":{"allow":["GET"]}}],"collection":[{"href":"https:\/\/fss.cat\/es\/wp-json\/wp\/v2\/posts"}],"about":[{"href":"https:\/\/fss.cat\/es\/wp-json\/wp\/v2\/types\/post"}],"author":[{"embeddable":true,"href":"https:\/\/fss.cat\/es\/wp-json\/wp\/v2\/users\/1"}],"replies":[{"embeddable":true,"href":"https:\/\/fss.cat\/es\/wp-json\/wp\/v2\/comments?post=4935"}],"version-history":[{"count":0,"href":"https:\/\/fss.cat\/es\/wp-json\/wp\/v2\/posts\/4935\/revisions"}],"wp:featuredmedia":[{"embeddable":true,"href":"https:\/\/fss.cat\/es\/wp-json\/wp\/v2\/media\/4939"}],"wp:attachment":[{"href":"https:\/\/fss.cat\/es\/wp-json\/wp\/v2\/media?parent=4935"}],"wp:term":[{"taxonomy":"category","embeddable":true,"href":"https:\/\/fss.cat\/es\/wp-json\/wp\/v2\/categories?post=4935"},{"taxonomy":"post_tag","embeddable":true,"href":"https:\/\/fss.cat\/es\/wp-json\/wp\/v2\/tags?post=4935"}],"curies":[{"name":"wp","href":"https:\/\/api.w.org\/{rel}","templated":true}]}}