{"id":4931,"date":"2019-09-20T13:21:05","date_gmt":"2019-09-20T13:21:05","guid":{"rendered":"https:\/\/resi.prova.cat\/3a-caminada-per-lalzheimer\/"},"modified":"2019-09-20T13:21:05","modified_gmt":"2019-09-20T13:21:05","slug":"3a-caminada-per-lalzheimer","status":"publish","type":"post","link":"https:\/\/fss.cat\/es\/3a-caminada-per-lalzheimer\/","title":{"rendered":"3a caminada per l\u2019Alzheimer"},"content":{"rendered":"<p>La Fundaci\u00f3 Santa Susanna ha celebrat el Dia Mundial de l&#8217;Alzheimer amb la 3a caminada el mat\u00ed del divendres 20 de setembre.<br \/>\nUn grup de 40 participants ha gaudit dels entorns del poble passejant des de la Fundaci\u00f3 fins al Remei, i d\u2019all\u00e0 fins al parc de l\u2019Estaci\u00f3 on s\u2019hi han sumat un grup de 20 usuaris i treballadors de la Fundaci\u00f3 d\u2019Acollida Santa Susanna i la Fundaci\u00f3 Sociosanit\u00e0ria Santa Susanna.<br \/>\nDurant la passejada s\u2019han realitzat activitats per prendre consci\u00e8ncia de la import\u00e0ncia de l&#8217;estil de vida en la prevenci\u00f3 de l&#8217;aparici\u00f3 de la dem\u00e8ncia.<br \/>\nL\u2019activitat s\u2019emmarca dins del Programa d\u2019atenci\u00f3 a la mem\u00f2ria de la instituci\u00f3, el qual contempla actuacions de prevenci\u00f3, de detecci\u00f3 i atenci\u00f3 a les situacions de vulnerabilitat.<br \/>\nEn la inscripci\u00f3, els participants han fet un donatiu de 3 \u20ac que anir\u00e0 destinat a la compra de material per al Programa d\u2019atenci\u00f3 a la mem\u00f2ria.<\/p>\n<p><strong>L&#8217;Alzheimer<\/strong><\/p>\n<p>La malaltia<\/p>\n<p>El 21 de setembre se celebra el Dia Mundial de l\u2019Alzheimer: una malaltia neurodegenerativa que es caracteritza per la mort progressiva de les neurones i la disminuci\u00f3 de la capacitat de les sinapsis, la qual cosa condueix a la p\u00e8rdua paulatina de les funcions que realitza el cervell, presentant alteracions en mem\u00f2ria, llenguatge, pr\u00e0xies, gn\u00f2sies, capacitat de prendre decisions, planificaci\u00f3, judici, atenci\u00f3 i personalitat, amb l&#8217;aparici\u00f3 freq\u00fcent de problemes psicopatol\u00f2gics i del comportament.<\/p>\n<p>Afectats<\/p>\n<p>Es calcula que al m\u00f3n hi ha uns 50 milions de persones amb dem\u00e8ncia: l&#8217;Alzheimer n&#8217;\u00e9s la causa m\u00e9s freq\u00fcent (suposa 2\/3 parts de les dem\u00e8ncies). Es preveu que l&#8217;any 2030 hi hauran 82 milions de persones amb dem\u00e8ncia i que el 2050 seran 152 milions. Aix\u00f2 suposar\u00e0 que cada 3 segons hi haur\u00e0 un nou cas de dem\u00e8ncia al m\u00f3n (dades d&#8217;<em>Alzheimer&#8217;s Org Report 2018<\/em>). Un 90% de les persones amb malaltia d&#8217;Alzheimer tenen m\u00e9s de 65 anys.<br \/>\nA Catalunya cada any hi ha 44.000 nous casos i 19.000 m\u00e9s sense diagnosticar. Cada vegada hi ha m\u00e9s casos entre persones de baixos recursos econ\u00f2mics (pitjor acc\u00e9s a atenci\u00f3 sanit\u00e0ria) i menor grau d&#8217;educaci\u00f3 i\/o feines menys qualificades.<\/p>\n<p>Cura i investigaci\u00f3<\/p>\n<p>Actualment no existeix cura per la malaltia de l\u2019Alzheimer, encara. Davant aquesta fotografia que d&#8217;inici ens posa alerta a tots, es dona la benvinguda a totes les iniciatives que donen suport (econ\u00f2mic i log\u00edstic tamb\u00e9) a la investigaci\u00f3 per con\u00e8ixer m\u00e9s sobre els processos biol\u00f2gics que inicien la malaltia.\u00a0 Ara per ara comptem amb tractaments farmacol\u00f2gics i psicosocials que incideixen sobre la progressi\u00f3 de la malaltia i els seus s\u00edmptomes associats, amb la intenci\u00f3 de reduir-ne la velocitat i mitigar les conseq\u00fc\u00e8ncies. Tamb\u00e9 es disposa de t\u00e8cniques i proves que permeten la detecci\u00f3 m\u00e9s primerenca, la qual cosa implica poder prendre decisions i posar fre a l&#8217;avan\u00e7ament amb antelaci\u00f3, m\u00e9s aviat que no es podia fer fa 15 anys. Actualment molts esfor\u00e7os estan posats en detectar senyals no visibles abans de que la malaltia doni la cara, per tal d&#8217;iniciar la intervenci\u00f3 el m\u00e9s aviat possible en persones encara plenament aut\u00f2nomes que segueixen la seva vida completament normal.<\/p>\n","protected":false},"excerpt":{"rendered":"<p>La Fundaci\u00f3 Santa Susanna ha celebrat el Dia Mundial de l&#8217;Alzheimer amb la 3a caminada el mat\u00ed del divendres 20 de setembre. Un grup de 40 participants ha gaudit dels entorns del poble passejant des de la Fundaci\u00f3 fins al Remei, i d\u2019all\u00e0 fins al parc de l\u2019Estaci\u00f3 on s\u2019hi han sumat un grup de [&hellip;]<\/p>\n","protected":false},"author":1,"featured_media":4932,"comment_status":"closed","ping_status":"closed","sticky":false,"template":"","format":"standard","meta":{"_acf_changed":false,"footnotes":""},"categories":[],"tags":[],"class_list":["post-4931","post","type-post","status-publish","format-standard","has-post-thumbnail","hentry"],"acf":[],"_links":{"self":[{"href":"https:\/\/fss.cat\/es\/wp-json\/wp\/v2\/posts\/4931","targetHints":{"allow":["GET"]}}],"collection":[{"href":"https:\/\/fss.cat\/es\/wp-json\/wp\/v2\/posts"}],"about":[{"href":"https:\/\/fss.cat\/es\/wp-json\/wp\/v2\/types\/post"}],"author":[{"embeddable":true,"href":"https:\/\/fss.cat\/es\/wp-json\/wp\/v2\/users\/1"}],"replies":[{"embeddable":true,"href":"https:\/\/fss.cat\/es\/wp-json\/wp\/v2\/comments?post=4931"}],"version-history":[{"count":0,"href":"https:\/\/fss.cat\/es\/wp-json\/wp\/v2\/posts\/4931\/revisions"}],"wp:featuredmedia":[{"embeddable":true,"href":"https:\/\/fss.cat\/es\/wp-json\/wp\/v2\/media\/4932"}],"wp:attachment":[{"href":"https:\/\/fss.cat\/es\/wp-json\/wp\/v2\/media?parent=4931"}],"wp:term":[{"taxonomy":"category","embeddable":true,"href":"https:\/\/fss.cat\/es\/wp-json\/wp\/v2\/categories?post=4931"},{"taxonomy":"post_tag","embeddable":true,"href":"https:\/\/fss.cat\/es\/wp-json\/wp\/v2\/tags?post=4931"}],"curies":[{"name":"wp","href":"https:\/\/api.w.org\/{rel}","templated":true}]}}