{"id":4922,"date":"2019-08-20T07:20:05","date_gmt":"2019-08-20T07:20:05","guid":{"rendered":"https:\/\/resi.prova.cat\/diada-de-santa-susanna-vida-i-renovacio\/"},"modified":"2025-07-09T10:35:06","modified_gmt":"2025-07-09T10:35:06","slug":"diada-de-santa-susanna-vida-i-renovacio","status":"publish","type":"post","link":"https:\/\/fss.cat\/es\/diada-de-santa-susanna-vida-i-renovacio\/","title":{"rendered":"Diada de Santa Susanna: vida i renovaci\u00f3"},"content":{"rendered":"<p lang=\"ca-ES\">Diumenge 11 d&#8217;agost la Fundaci\u00f3 Santa Susanna, la Fundaci\u00f3 d&#8217;Acollida Santa Susanna i la Fundaci\u00f3 Sociosanit\u00e0ria Santa Susnna han celebrat la diada de la nostra patrona.<\/p>\n<p lang=\"ca-ES\">La celebraci\u00f3 ha consistit en la degustaci\u00f3 del c\u00f2ctel durant el mat\u00ed i en la celebraci\u00f3 de l&#8217;eucaristia i d&#8217;un sopar a la tarda. Residents, familiars, voluntaris, treballadors, patronat i persones vinculades a les entitats han pogut retrobar-se i gaudir plegats dels actes. La regidora de Voluntariat, la Sra. \u00c1ngeles Llive, i la regidora de Cultura, la Sra. Laia Cusc\u00f3, van participar als actes de la tarda per primera vegada.<\/p>\n<p lang=\"ca-ES\">La diada de Santa Susanna tamb\u00e9 ha servit per\u00a0clausurar el lema\u00a0<strong>\u201cViure i renovar-se\u201d<\/strong>\u00a0que ens ha anat acompanyant al llarg de l\u2019any amb una frase i una imatge cada mes per ajudar-nos a reflexionar sobre la nostra visi\u00f3 fundacional, i hem donat gr\u00e0cies a la nostra patrona pels 6 segles de vida i de renovaci\u00f3 que han perm\u00e8s continuar la nostra hist\u00f2ria d&#8217;hospitalitat.<\/p>\n<p lang=\"ca-ES\"><a href=\"https:\/\/fss.cat\/wp-content\/uploads\/2025\/07\/poster-viure-i-renovar-se-copia-scaled.jpg\"><img fetchpriority=\"high\" decoding=\"async\" class=\"aligncenter wp-image-1454 size-large\" src=\"https:\/\/fss.cat\/wp-content\/uploads\/2025\/07\/poster-viure-i-renovar-se-copia-scaled.jpg\" alt=\"\" width=\"710\" height=\"497\" \/><\/a><\/p>\n","protected":false},"excerpt":{"rendered":"<p>Diumenge 11 d&#8217;agost la Fundaci\u00f3 Santa Susanna, la Fundaci\u00f3 d&#8217;Acollida Santa Susanna i la Fundaci\u00f3 Sociosanit\u00e0ria Santa Susnna han celebrat la diada de la nostra patrona. La celebraci\u00f3 ha consistit en la degustaci\u00f3 del c\u00f2ctel durant el mat\u00ed i en la celebraci\u00f3 de l&#8217;eucaristia i d&#8217;un sopar a la tarda. Residents, familiars, voluntaris, treballadors, patronat [&hellip;]<\/p>\n","protected":false},"author":1,"featured_media":4925,"comment_status":"closed","ping_status":"closed","sticky":false,"template":"","format":"standard","meta":{"_acf_changed":false,"footnotes":""},"categories":[],"tags":[],"class_list":["post-4922","post","type-post","status-publish","format-standard","has-post-thumbnail","hentry"],"acf":[],"_links":{"self":[{"href":"https:\/\/fss.cat\/es\/wp-json\/wp\/v2\/posts\/4922","targetHints":{"allow":["GET"]}}],"collection":[{"href":"https:\/\/fss.cat\/es\/wp-json\/wp\/v2\/posts"}],"about":[{"href":"https:\/\/fss.cat\/es\/wp-json\/wp\/v2\/types\/post"}],"author":[{"embeddable":true,"href":"https:\/\/fss.cat\/es\/wp-json\/wp\/v2\/users\/1"}],"replies":[{"embeddable":true,"href":"https:\/\/fss.cat\/es\/wp-json\/wp\/v2\/comments?post=4922"}],"version-history":[{"count":0,"href":"https:\/\/fss.cat\/es\/wp-json\/wp\/v2\/posts\/4922\/revisions"}],"wp:featuredmedia":[{"embeddable":true,"href":"https:\/\/fss.cat\/es\/wp-json\/wp\/v2\/media\/4925"}],"wp:attachment":[{"href":"https:\/\/fss.cat\/es\/wp-json\/wp\/v2\/media?parent=4922"}],"wp:term":[{"taxonomy":"category","embeddable":true,"href":"https:\/\/fss.cat\/es\/wp-json\/wp\/v2\/categories?post=4922"},{"taxonomy":"post_tag","embeddable":true,"href":"https:\/\/fss.cat\/es\/wp-json\/wp\/v2\/tags?post=4922"}],"curies":[{"name":"wp","href":"https:\/\/api.w.org\/{rel}","templated":true}]}}