{"id":4915,"date":"2019-07-16T07:14:51","date_gmt":"2019-07-16T07:14:51","guid":{"rendered":"https:\/\/resi.prova.cat\/mencio-a-la-via-del-pintxo-per-la-tasca-dintegracio-social\/"},"modified":"2025-07-09T10:34:38","modified_gmt":"2025-07-09T10:34:38","slug":"mencio-a-la-via-del-pintxo-per-la-tasca-dintegracio-social","status":"publish","type":"post","link":"https:\/\/fss.cat\/es\/mencio-a-la-via-del-pintxo-per-la-tasca-dintegracio-social\/","title":{"rendered":"Menci\u00f3 a la Via del Pintxo per la tasca d&#8217;integraci\u00f3 social"},"content":{"rendered":"<div>El passat 9 de juliol es van lliurar els premis 4a Via del\u00a0<span class=\"hiddenSpellError\">Pintxo<\/span>\u00a0de Caldes de Montbui i l&#8217;organitzaci\u00f3 va atorgar una menci\u00f3 especial\u00a0 a la cafeteria de la Fundaci\u00f3 Santa Susanna per la seva tasca d&#8217;integraci\u00f3 social.<\/div>\n<p>La Fundaci\u00f3, que va participar en la 4a Via del\u00a0<span class=\"hiddenSpellError\">Pintxo<\/span>\u00a0de Caldes de Montbui del 23 de maig a l&#8217;1 de juny amb el\u00a0<span class=\"hiddenSpellError\">pintxo<\/span>\u00a0\u00abEl rostit de l&#8217;oncle\u00bb, va rebre amb il\u00b7lusi\u00f3 la menci\u00f3. Participar en la Via i servir 1.400\u00a0<span class=\"hiddenSpellError\">pintxos<\/span>\u00a0ha sigut una gran experi\u00e8ncia!<\/p>\n<div>La cafeteria L&#8217;\u00c0gora d&#8217;<span class=\"hiddenSpellError\">Apindep<\/span>\u00a0tamb\u00e9 va rebre aquesta menci\u00f3: enhorabona!<\/div>\n<div><\/div>\n<div><a href=\"http:\/\/www.caldesdemontbui.cat\/\/actualitat\/noticies\/28-establiments-i-29000-pinxos-servits-el-resum-duna-via-dexit.html\" target=\"_blank\" rel=\"noopener noreferrer\" data-saferedirecturl=\"https:\/\/www.google.com\/url?q=http:\/\/www.caldesdemontbui.cat\/\/actualitat\/noticies\/28-establiments-i-29000-pinxos-servits-el-resum-duna-via-dexit.html&amp;source=gmail&amp;ust=1563376456272000&amp;usg=AFQjCNHucSY0xpBNSGJoAk-hQp0vq980Uw\">M\u00e9s informaci\u00f3 dels premis de la 4a Via del Pintxo<\/a><\/div>\n<div><\/div>\n<div><a href=\"http:\/\/www.fss.cat\/wp-content\/uploads\/2019\/07\/IMG-20190711-WA0002-1.jpg\"><img fetchpriority=\"high\" decoding=\"async\" class=\"aligncenter wp-image-1443 size-medium\" src=\"https:\/\/fss.cat\/wp-content\/uploads\/2025\/07\/IMG-20190711-WA0002-1-e1563347887866-237x300.jpg\" alt=\"\" width=\"237\" height=\"300\" \/><\/a><\/div>\n","protected":false},"excerpt":{"rendered":"<p>El passat 9 de juliol es van lliurar els premis 4a Via del\u00a0Pintxo\u00a0de Caldes de Montbui i l&#8217;organitzaci\u00f3 va atorgar una menci\u00f3 especial\u00a0 a la cafeteria de la Fundaci\u00f3 Santa Susanna per la seva tasca d&#8217;integraci\u00f3 social. La Fundaci\u00f3, que va participar en la 4a Via del\u00a0Pintxo\u00a0de Caldes de Montbui del 23 de maig a [&hellip;]<\/p>\n","protected":false},"author":1,"featured_media":4918,"comment_status":"closed","ping_status":"closed","sticky":false,"template":"","format":"standard","meta":{"_acf_changed":false,"footnotes":""},"categories":[],"tags":[],"class_list":["post-4915","post","type-post","status-publish","format-standard","has-post-thumbnail","hentry"],"acf":[],"_links":{"self":[{"href":"https:\/\/fss.cat\/es\/wp-json\/wp\/v2\/posts\/4915","targetHints":{"allow":["GET"]}}],"collection":[{"href":"https:\/\/fss.cat\/es\/wp-json\/wp\/v2\/posts"}],"about":[{"href":"https:\/\/fss.cat\/es\/wp-json\/wp\/v2\/types\/post"}],"author":[{"embeddable":true,"href":"https:\/\/fss.cat\/es\/wp-json\/wp\/v2\/users\/1"}],"replies":[{"embeddable":true,"href":"https:\/\/fss.cat\/es\/wp-json\/wp\/v2\/comments?post=4915"}],"version-history":[{"count":0,"href":"https:\/\/fss.cat\/es\/wp-json\/wp\/v2\/posts\/4915\/revisions"}],"wp:featuredmedia":[{"embeddable":true,"href":"https:\/\/fss.cat\/es\/wp-json\/wp\/v2\/media\/4918"}],"wp:attachment":[{"href":"https:\/\/fss.cat\/es\/wp-json\/wp\/v2\/media?parent=4915"}],"wp:term":[{"taxonomy":"category","embeddable":true,"href":"https:\/\/fss.cat\/es\/wp-json\/wp\/v2\/categories?post=4915"},{"taxonomy":"post_tag","embeddable":true,"href":"https:\/\/fss.cat\/es\/wp-json\/wp\/v2\/tags?post=4915"}],"curies":[{"name":"wp","href":"https:\/\/api.w.org\/{rel}","templated":true}]}}