{"id":4912,"date":"2019-07-03T07:45:50","date_gmt":"2019-07-03T07:45:50","guid":{"rendered":"https:\/\/resi.prova.cat\/unes-vacances-diferents-colonies-a-puigcerda\/"},"modified":"2019-07-03T07:45:50","modified_gmt":"2019-07-03T07:45:50","slug":"unes-vacances-diferents-colonies-a-puigcerda","status":"publish","type":"post","link":"https:\/\/fss.cat\/es\/unes-vacances-diferents-colonies-a-puigcerda\/","title":{"rendered":"Unes vacances diferents: col\u00f2nies a Puigcerd\u00e0!"},"content":{"rendered":"<p>L&#8217;Ajuntament de Caldes de Montbui, amb la col\u00b7laboraci\u00f3 de la Fundaci\u00f3 Santa Susanna, organitza un any m\u00e9s les col\u00f2nies per a gent gran.<\/p>\n<p>Enguany tindran lloc del 3 al 7 de setembre a Puigcerd\u00e0.<\/p>\n<p><span lang=\"ca\">Les col\u00f2nies\u00a0<\/span>van comen\u00e7ar l&#8217;any 1989 i s\u2019han anat adaptant amb els anys a les necessitats i prefer\u00e8ncies dels participants. S<span lang=\"ca\">\u00f3n\u00a0<\/span>unes vacances en grup per a gent gran on es promou la relaci\u00f3 i la conviv\u00e8ncia a partir de diferents activitats l\u00fadiques, culturals i esportives durant l\u2019estada a l\u2019alberg o casa de col\u00f2nies.<\/p>\n<div>\n<a href=\"http:\/\/www.fss.cat\/wp-content\/uploads\/2019\/07\/d\u00edptic-informatiu-COLONIES-2019.pdf\">M\u00e9s informaci\u00f3<\/a><\/div>\n","protected":false},"excerpt":{"rendered":"<p>L&#8217;Ajuntament de Caldes de Montbui, amb la col\u00b7laboraci\u00f3 de la Fundaci\u00f3 Santa Susanna, organitza un any m\u00e9s les col\u00f2nies per a gent gran. Enguany tindran lloc del 3 al 7 de setembre a Puigcerd\u00e0. Les col\u00f2nies\u00a0van comen\u00e7ar l&#8217;any 1989 i s\u2019han anat adaptant amb els anys a les necessitats i prefer\u00e8ncies dels participants. S\u00f3n\u00a0unes vacances [&hellip;]<\/p>\n","protected":false},"author":1,"featured_media":4913,"comment_status":"closed","ping_status":"closed","sticky":false,"template":"","format":"standard","meta":{"_acf_changed":false,"footnotes":""},"categories":[],"tags":[],"class_list":["post-4912","post","type-post","status-publish","format-standard","has-post-thumbnail","hentry"],"acf":[],"_links":{"self":[{"href":"https:\/\/fss.cat\/es\/wp-json\/wp\/v2\/posts\/4912","targetHints":{"allow":["GET"]}}],"collection":[{"href":"https:\/\/fss.cat\/es\/wp-json\/wp\/v2\/posts"}],"about":[{"href":"https:\/\/fss.cat\/es\/wp-json\/wp\/v2\/types\/post"}],"author":[{"embeddable":true,"href":"https:\/\/fss.cat\/es\/wp-json\/wp\/v2\/users\/1"}],"replies":[{"embeddable":true,"href":"https:\/\/fss.cat\/es\/wp-json\/wp\/v2\/comments?post=4912"}],"version-history":[{"count":0,"href":"https:\/\/fss.cat\/es\/wp-json\/wp\/v2\/posts\/4912\/revisions"}],"wp:featuredmedia":[{"embeddable":true,"href":"https:\/\/fss.cat\/es\/wp-json\/wp\/v2\/media\/4913"}],"wp:attachment":[{"href":"https:\/\/fss.cat\/es\/wp-json\/wp\/v2\/media?parent=4912"}],"wp:term":[{"taxonomy":"category","embeddable":true,"href":"https:\/\/fss.cat\/es\/wp-json\/wp\/v2\/categories?post=4912"},{"taxonomy":"post_tag","embeddable":true,"href":"https:\/\/fss.cat\/es\/wp-json\/wp\/v2\/tags?post=4912"}],"curies":[{"name":"wp","href":"https:\/\/api.w.org\/{rel}","templated":true}]}}