{"id":4907,"date":"2019-06-25T09:02:06","date_gmt":"2019-06-25T09:02:06","guid":{"rendered":"https:\/\/resi.prova.cat\/comiat-a-sis-patrons\/"},"modified":"2025-07-09T10:34:31","modified_gmt":"2025-07-09T10:34:31","slug":"comiat-a-sis-patrons","status":"publish","type":"post","link":"https:\/\/fss.cat\/es\/comiat-a-sis-patrons\/","title":{"rendered":"Comiat a sis patrons"},"content":{"rendered":"<p>El dia 20 de juny les juntes de les tres fundacions han realitzat una reuni\u00f3 conjunta i, entre altres temes, s&#8217;ha acomiadat als patrons que han deixat el seu c\u00e0rrec des de primer d&#8217;any.<br \/>\nEn aquest acte s&#8217;ha agra\u00eft la seva dedicaci\u00f3 volunt\u00e0ria que han exercit a les juntes a les fundacions durant la seva etapa.<\/p>\n<p>Els patrons que han rebut el reconeixement a la seva dedicaci\u00f3 han estat:<\/p>\n<p>Sr. Jordi\u00a0<span class=\"hiddenSpellError\">Sol\u00e9<\/span>\u00a0i\u00a0<span class=\"hiddenSpellError\">Ferrando<\/span>\u00a0(2007-2019)<br \/>\nSr. Jaume Ferrer i Montllor (2000-2019)<br \/>\nSra. Elena Codina i\u00a0<span class=\"hiddenSpellError\">Sampera<\/span>\u00a0(2013-2019)<br \/>\nSra.\u00a0<span class=\"hiddenSpellError\">Pepi<\/span>\u00a0Martos i Vega (2013-2019)<br \/>\nSra. Rosa\u00a0<span class=\"hiddenSpellError\">Montll\u00f3<\/span>\u00a0i Viaplana (2018-2019<span class=\"hiddenGrammarError\" style=\"padding-bottom: 2px; background-image: url('..\/..\/..\/..\/..\/images\/squiggle.png'); background-repeat: repeat-x; background-position: left bottom; cursor: default; color: #666666; font-family: 'Open Sans', Helvetica, Arial, sans-serif; font-size: 16px; font-style: normal; font-variant-ligatures: normal; font-variant-caps: normal; font-weight: 300; letter-spacing: normal; orphans: 2; text-align: start; text-indent: 0px; text-transform: none; white-space: normal; widows: 2; word-spacing: 0px; -webkit-text-stroke-width: 0px; text-decoration-style: initial; text-decoration-color: initial;\">)<\/span><\/p>\n<p>Tamb\u00e9 ha rebut el reconeixement el Sr. Salvador Codina i\u00a0<span class=\"hiddenSpellError\">Casabay\u00f3<\/span>\u00a0en mans de la seva dona, patr\u00f3 que va exercir el seu c\u00e0rrec des del 1988 fins al 2013.<\/p>\n<p><a href=\"https:\/\/fss.cat\/wp-content\/uploads\/2025\/07\/patrons.jpg\"><img fetchpriority=\"high\" decoding=\"async\" class=\"aligncenter size-medium wp-image-1428\" src=\"https:\/\/fss.cat\/wp-content\/uploads\/2025\/07\/patrons-300x233.jpg\" alt=\"\" width=\"300\" height=\"233\" \/><\/a><\/p>\n","protected":false},"excerpt":{"rendered":"<p>El dia 20 de juny les juntes de les tres fundacions han realitzat una reuni\u00f3 conjunta i, entre altres temes, s&#8217;ha acomiadat als patrons que han deixat el seu c\u00e0rrec des de primer d&#8217;any. En aquest acte s&#8217;ha agra\u00eft la seva dedicaci\u00f3 volunt\u00e0ria que han exercit a les juntes a les fundacions durant la seva [&hellip;]<\/p>\n","protected":false},"author":1,"featured_media":4910,"comment_status":"closed","ping_status":"closed","sticky":false,"template":"","format":"standard","meta":{"_acf_changed":false,"footnotes":""},"categories":[],"tags":[],"class_list":["post-4907","post","type-post","status-publish","format-standard","has-post-thumbnail","hentry"],"acf":[],"_links":{"self":[{"href":"https:\/\/fss.cat\/es\/wp-json\/wp\/v2\/posts\/4907","targetHints":{"allow":["GET"]}}],"collection":[{"href":"https:\/\/fss.cat\/es\/wp-json\/wp\/v2\/posts"}],"about":[{"href":"https:\/\/fss.cat\/es\/wp-json\/wp\/v2\/types\/post"}],"author":[{"embeddable":true,"href":"https:\/\/fss.cat\/es\/wp-json\/wp\/v2\/users\/1"}],"replies":[{"embeddable":true,"href":"https:\/\/fss.cat\/es\/wp-json\/wp\/v2\/comments?post=4907"}],"version-history":[{"count":0,"href":"https:\/\/fss.cat\/es\/wp-json\/wp\/v2\/posts\/4907\/revisions"}],"wp:featuredmedia":[{"embeddable":true,"href":"https:\/\/fss.cat\/es\/wp-json\/wp\/v2\/media\/4910"}],"wp:attachment":[{"href":"https:\/\/fss.cat\/es\/wp-json\/wp\/v2\/media?parent=4907"}],"wp:term":[{"taxonomy":"category","embeddable":true,"href":"https:\/\/fss.cat\/es\/wp-json\/wp\/v2\/categories?post=4907"},{"taxonomy":"post_tag","embeddable":true,"href":"https:\/\/fss.cat\/es\/wp-json\/wp\/v2\/tags?post=4907"}],"curies":[{"name":"wp","href":"https:\/\/api.w.org\/{rel}","templated":true}]}}