{"id":4898,"date":"2019-06-26T11:02:40","date_gmt":"2019-06-26T11:02:40","guid":{"rendered":"https:\/\/resi.prova.cat\/companyia-a-canvi-denriquiment-i-felicitat\/"},"modified":"2025-07-09T10:34:19","modified_gmt":"2025-07-09T10:34:19","slug":"companyia-a-canvi-denriquiment-i-felicitat","status":"publish","type":"post","link":"https:\/\/fss.cat\/es\/companyia-a-canvi-denriquiment-i-felicitat\/","title":{"rendered":"Companyia a canvi d&#8217;enriquiment i felicitat"},"content":{"rendered":"<p><span id=\"\">Fa unes setmanes vam rebre una carta a la resid\u00e8ncia\u00a0<\/span><span id=\"\">dels alumnes<\/span><span id=\"\">\u00a0de 6\u00e8 de l&#8217;Escola El Calder\u00ed. Dins del projecte del\u00a0<b>Consell d&#8217;Infants<\/b>\u00a0municipal, ens proposaven venir a fer una activitat\u00a0<\/span><span id=\"\">conven\u00e7uts<\/span><span id=\"\">\u00a0que \u00abels avis necessiten companyia i ens aporten enriquiment i felicitat\u00bb.<\/span><\/p>\n<p><a href=\"https:\/\/fss.cat\/wp-content\/uploads\/2025\/07\/carta-consell-infants-scaled.jpg\"><img fetchpriority=\"high\" decoding=\"async\" class=\"aligncenter wp-image-1422 size-large\" src=\"https:\/\/fss.cat\/wp-content\/uploads\/2025\/07\/carta-consell-infants-scaled.jpg\" alt=\"\" width=\"700\" height=\"1024\" \/><\/a><br id=\"\" \/><span id=\"\">I aix\u00ed es va fer! El grup va venir el passat dimarts 18 de juny i van realitzar plegats diferents activitats l\u00fadiques amb els residents: encistellar anelles, pintar, jocs amb pilota&#8230; Una experi\u00e8ncia molt satisfact\u00f2ria per a petits i grans!<\/span><\/p>\n<p><span id=\"\"><a href=\"https:\/\/fss.cat\/wp-content\/uploads\/2025\/07\/243-scaled.jpg\"><img decoding=\"async\" class=\"aligncenter size-medium wp-image-1424\" src=\"https:\/\/fss.cat\/wp-content\/uploads\/2025\/07\/243-scaled.jpg\" alt=\"\" width=\"300\" height=\"225\" \/><\/a><img decoding=\"async\" class=\"aligncenter size-medium wp-image-1425\" src=\"https:\/\/fss.cat\/wp-content\/uploads\/2025\/07\/247-300x205.jpg\" alt=\"\" width=\"300\" height=\"205\" \/><\/span><br id=\"\" \/><span id=\"\">La Fundaci\u00f3 Santa Susanna i la Fundaci\u00f3 d&#8217;Acollida Santa Susanna sempre han tingut les seves\u00a0<b>portes obertes a persones i entitats\u00a0<\/b>que volen col\u00b7laborar en el programa d&#8217;activitats del centre afavorint la socialitzaci\u00f3 dels residents.<\/span><br id=\"\" \/><span id=\"\">Si vols compartir les teves habilitats o formes part d&#8217;una entitat i vols col\u00b7laborar, posa&#8217;t en contacte amb nosaltres!<\/span><\/p>\n","protected":false},"excerpt":{"rendered":"<p>Fa unes setmanes vam rebre una carta a la resid\u00e8ncia\u00a0dels alumnes\u00a0de 6\u00e8 de l&#8217;Escola El Calder\u00ed. Dins del projecte del\u00a0Consell d&#8217;Infants\u00a0municipal, ens proposaven venir a fer una activitat\u00a0conven\u00e7uts\u00a0que \u00abels avis necessiten companyia i ens aporten enriquiment i felicitat\u00bb. I aix\u00ed es va fer! El grup va venir el passat dimarts 18 de juny i van [&hellip;]<\/p>\n","protected":false},"author":1,"featured_media":4903,"comment_status":"closed","ping_status":"closed","sticky":false,"template":"","format":"standard","meta":{"_acf_changed":false,"footnotes":""},"categories":[],"tags":[],"class_list":["post-4898","post","type-post","status-publish","format-standard","has-post-thumbnail","hentry"],"acf":[],"_links":{"self":[{"href":"https:\/\/fss.cat\/es\/wp-json\/wp\/v2\/posts\/4898","targetHints":{"allow":["GET"]}}],"collection":[{"href":"https:\/\/fss.cat\/es\/wp-json\/wp\/v2\/posts"}],"about":[{"href":"https:\/\/fss.cat\/es\/wp-json\/wp\/v2\/types\/post"}],"author":[{"embeddable":true,"href":"https:\/\/fss.cat\/es\/wp-json\/wp\/v2\/users\/1"}],"replies":[{"embeddable":true,"href":"https:\/\/fss.cat\/es\/wp-json\/wp\/v2\/comments?post=4898"}],"version-history":[{"count":0,"href":"https:\/\/fss.cat\/es\/wp-json\/wp\/v2\/posts\/4898\/revisions"}],"wp:featuredmedia":[{"embeddable":true,"href":"https:\/\/fss.cat\/es\/wp-json\/wp\/v2\/media\/4903"}],"wp:attachment":[{"href":"https:\/\/fss.cat\/es\/wp-json\/wp\/v2\/media?parent=4898"}],"wp:term":[{"taxonomy":"category","embeddable":true,"href":"https:\/\/fss.cat\/es\/wp-json\/wp\/v2\/categories?post=4898"},{"taxonomy":"post_tag","embeddable":true,"href":"https:\/\/fss.cat\/es\/wp-json\/wp\/v2\/tags?post=4898"}],"curies":[{"name":"wp","href":"https:\/\/api.w.org\/{rel}","templated":true}]}}