{"id":4896,"date":"2019-06-17T10:51:01","date_gmt":"2019-06-17T10:51:01","guid":{"rendered":"https:\/\/resi.prova.cat\/reconeguts-i-agraits\/"},"modified":"2019-06-17T10:51:01","modified_gmt":"2019-06-17T10:51:01","slug":"reconeguts-i-agraits","status":"publish","type":"post","link":"https:\/\/fss.cat\/es\/reconeguts-i-agraits\/","title":{"rendered":"Reconeguts i agra\u00efts"},"content":{"rendered":"<div>El passat 14 de juny la Fundaci\u00f3 d&#8217;Acollida Santa Susanna va ser una de les entitats convidades a l&#8217;acte de reconeixement i cloenda del Servei Comunitari.<\/div>\n<div>L&#8217;acte, organitzat per l&#8217;Insitut Manolo Hugu\u00e9, marca el final del projecte d&#8217;aquest curs 2018\/19.<br \/>\nEn Miguel Angel Gancedo, professional de la Fundaci\u00f3 d&#8217;Acollida, va ser el responsable de fer entrega als alumnes de 3r ESO que han participat al projecte a l&#8217;entitat.<\/div>\n<div><\/div>\n<div><strong><span class=\"Apple-style-span\">El Servei Comunitari<\/span><\/strong><\/div>\n<div>Un grup de 8 joves de l&#8217;Institut Manolo Hugu\u00e9 han dedicat 10 hores a la nostra instituci\u00f3 compartint activitats amb els residents: jocs de taula, activitat f\u00edsica i activitats audiovisuals.<\/div>\n<div>El Servei Comunitari \u00e9s una acci\u00f3 impulsada pel Departament d&#8217;Ensenyament adre\u00e7ada als alumnes de secund\u00e0ria obligat\u00f2ria. La Fundaci\u00f3 d&#8217;Acollida Santa Susanna s&#8217;ha adherit al projecte perqu\u00e8 valora\u00a0<span id=\"m_5472078075664428173gmail-m_-6745519949601418294:3sv.5\">positivament<\/span>\u00a0l&#8217;<wbr \/>intercanvi\u00a0<span id=\"m_5472078075664428173gmail-m_-6745519949601418294:3sv.6\">generacional<\/span>\u00a0i perqu\u00e8 permet als joves col\u00b7laborar en tasques de voluntariat, posar les seves habilitats personals al servei de la comunitat\u00a0i adquirir valors c\u00edvics com la solidaritat, el respecte, l&#8217;empatia, el comprom\u00eds o l&#8217;altruisme.<\/div>\n<div>\n<div>La Fundaci\u00f3 Santa Susanna i la Fundaci\u00f3 d&#8217;Acollida Santa Susanna sempre han tingut les seves portes obertes a persones i entitats que volen col\u00b7laborar en el programa d&#8217;activitats del centre afavorint la\u00a0<span id=\"m_5472078075664428173gmail-m_-6745519949601418294:3sv.2\">socialitzaci\u00f3<\/span>\u00a0dels residents. Algunes de les\u00a0<span id=\"m_5472078075664428173gmail-m_-6745519949601418294:3sv.3\">col\u00b7laboracions<\/span>\u00a0permeten la relaci\u00f3 entre diferents generacions i creant experi\u00e8ncies enriquidores per a petits i grans.\u00a0Alumnes de l&#8217;Institut Pic del Vent tamb\u00e9 han participat en aquest projecte del Servei Comuntiari i alumnes d&#8217;altres centres educatius de Caldes han participat en diferents activitats al llarg del curs.<\/div>\n<div class=\"yj6qo ajU\">\n<div id=\":378\" class=\"ajR\" tabindex=\"0\" role=\"button\" data-tooltip=\"Mostra el contingut redu\u00eft\" aria-label=\"Mostra el contingut redu\u00eft\" aria-expanded=\"false\"><strong><span class=\"Apple-style-span\">Valoracions dels participants<br \/>\n<\/span><\/strong>\u00abM&#8217;ha semblat una experi\u00e8ncia molt xula i que no m&#8217;importaria repetir, ja que m&#8217;ho he passat molt b\u00e9 les estones que hi he anat. Les activitats estaven molt ben pensades i, a m\u00e9s a m\u00e9s, l&#8217;\u00faltim d\u00eda del servei vam estar xerrant amb unes \u00e0vies que no volien jugar jocs de taula i vam aprofitar per fer-los una entrevista amb audio, amb el seu consentiment, i vam descobrir coses noves de la vida d&#8217;abans (antigament), tant de la seva inf\u00e0ncia com de la vida amorosa etc&#8230; I va ser una estona agradable.\u00bb<br \/>\n\u00abM&#8217;ha semblat un servei molt bonic i profit\u00f3s. La gent gran ha sigut molt agradable i ens ho hem passat molt b\u00e9 amb ells.\u00bb<br \/>\n\u00abHe disfrutat molt amb les persones grans i ha sigut molt gratificant.\u00bb<br \/>\n\u00abJo crec que el servei comunitari de Santa Susanna est\u00e0 molt xulo per qu\u00e8 parles amb la gent m\u00e9s gran que tu i aprens moltes coses.\u00bb<br \/>\n\u00abMolt b\u00e9. Me ha gustado mucho ir a la residencia y pasar tiempo con las personas mayores. Creo que\u00a0\u00faltimamente no compartimos mucho tiempo con los abuelos y se olvidan de ellos y les hace muy feliz que\u00a0personas j\u00f3venes vayamos a pasar un rato con ellos.\u00bb<br \/>\n\u00abM&#8217;ha semblat molt bo i crec que \u00e9s un dels millors.\u00bb<\/div>\n<\/div>\n<\/div>\n","protected":false},"excerpt":{"rendered":"<p>El passat 14 de juny la Fundaci\u00f3 d&#8217;Acollida Santa Susanna va ser una de les entitats convidades a l&#8217;acte de reconeixement i cloenda del Servei Comunitari. L&#8217;acte, organitzat per l&#8217;Insitut Manolo Hugu\u00e9, marca el final del projecte d&#8217;aquest curs 2018\/19. En Miguel Angel Gancedo, professional de la Fundaci\u00f3 d&#8217;Acollida, va ser el responsable de fer [&hellip;]<\/p>\n","protected":false},"author":1,"featured_media":4897,"comment_status":"closed","ping_status":"closed","sticky":false,"template":"","format":"standard","meta":{"_acf_changed":false,"footnotes":""},"categories":[],"tags":[],"class_list":["post-4896","post","type-post","status-publish","format-standard","has-post-thumbnail","hentry"],"acf":[],"_links":{"self":[{"href":"https:\/\/fss.cat\/es\/wp-json\/wp\/v2\/posts\/4896","targetHints":{"allow":["GET"]}}],"collection":[{"href":"https:\/\/fss.cat\/es\/wp-json\/wp\/v2\/posts"}],"about":[{"href":"https:\/\/fss.cat\/es\/wp-json\/wp\/v2\/types\/post"}],"author":[{"embeddable":true,"href":"https:\/\/fss.cat\/es\/wp-json\/wp\/v2\/users\/1"}],"replies":[{"embeddable":true,"href":"https:\/\/fss.cat\/es\/wp-json\/wp\/v2\/comments?post=4896"}],"version-history":[{"count":0,"href":"https:\/\/fss.cat\/es\/wp-json\/wp\/v2\/posts\/4896\/revisions"}],"wp:featuredmedia":[{"embeddable":true,"href":"https:\/\/fss.cat\/es\/wp-json\/wp\/v2\/media\/4897"}],"wp:attachment":[{"href":"https:\/\/fss.cat\/es\/wp-json\/wp\/v2\/media?parent=4896"}],"wp:term":[{"taxonomy":"category","embeddable":true,"href":"https:\/\/fss.cat\/es\/wp-json\/wp\/v2\/categories?post=4896"},{"taxonomy":"post_tag","embeddable":true,"href":"https:\/\/fss.cat\/es\/wp-json\/wp\/v2\/tags?post=4896"}],"curies":[{"name":"wp","href":"https:\/\/api.w.org\/{rel}","templated":true}]}}