{"id":4889,"date":"2019-06-06T10:17:24","date_gmt":"2019-06-06T10:17:24","guid":{"rendered":"https:\/\/resi.prova.cat\/1-400-pintxos-1-400-gracies\/"},"modified":"2025-07-09T10:34:05","modified_gmt":"2025-07-09T10:34:05","slug":"1-400-pintxos-1-400-gracies","status":"publish","type":"post","link":"https:\/\/fss.cat\/es\/1-400-pintxos-1-400-gracies\/","title":{"rendered":"1.400 pintxos, 1.400 gr\u00e0cies!"},"content":{"rendered":"<p style=\"font-weight: 400;\">Volem donar les gr\u00e0cies a les 1.400 persones que han tastat el pintxo \u00abEl rostit de l&#8217;oncle\u00bb de la cafeteria de la Fundaci\u00f3 Santa Susanna.<\/p>\n<p style=\"font-weight: 400;\">Participar a la\u00a0Via del Pintxo\u00a0ha estat una experi\u00e8ncia molt engrescadora i satisfact\u00f2ria: ha perm\u00e8s que moltes persones entressin per primera vegada a la Fundaci\u00f3, coneguessin la cafeteria i tastessin un producte elaborat pel nostre equip dels\u00a0serveis de restauraci\u00f3. El pintxo, un panet farcit de rostit de galtes, ha rebut comentaris molt positius! Esperarem amb il\u00b7lusi\u00f3 con\u00e8ixer els pintxos premiats.<\/p>\n<p style=\"font-weight: 400;\">Despr\u00e9s d&#8217;aquests 10 dies intensos de la Via del Pintxo, la cafeteria recupera el seu horari habitual: obert cada dia de 10:00 a 19:00. Si us ve gust, ja sabeu on som!<\/p>\n<p><a href=\"https:\/\/fss.cat\/wp-content\/uploads\/2025\/07\/787-copia.jpg\"><img fetchpriority=\"high\" decoding=\"async\" class=\"aligncenter size-medium wp-image-1310\" src=\"https:\/\/fss.cat\/wp-content\/uploads\/2025\/07\/787-copia-300x230.jpg\" alt=\"\" width=\"300\" height=\"230\" \/><\/a><\/p>\n","protected":false},"excerpt":{"rendered":"<p>Volem donar les gr\u00e0cies a les 1.400 persones que han tastat el pintxo \u00abEl rostit de l&#8217;oncle\u00bb de la cafeteria de la Fundaci\u00f3 Santa Susanna. Participar a la\u00a0Via del Pintxo\u00a0ha estat una experi\u00e8ncia molt engrescadora i satisfact\u00f2ria: ha perm\u00e8s que moltes persones entressin per primera vegada a la Fundaci\u00f3, coneguessin la cafeteria i tastessin un [&hellip;]<\/p>\n","protected":false},"author":1,"featured_media":4892,"comment_status":"closed","ping_status":"closed","sticky":false,"template":"","format":"standard","meta":{"_acf_changed":false,"footnotes":""},"categories":[],"tags":[],"class_list":["post-4889","post","type-post","status-publish","format-standard","has-post-thumbnail","hentry"],"acf":[],"_links":{"self":[{"href":"https:\/\/fss.cat\/es\/wp-json\/wp\/v2\/posts\/4889","targetHints":{"allow":["GET"]}}],"collection":[{"href":"https:\/\/fss.cat\/es\/wp-json\/wp\/v2\/posts"}],"about":[{"href":"https:\/\/fss.cat\/es\/wp-json\/wp\/v2\/types\/post"}],"author":[{"embeddable":true,"href":"https:\/\/fss.cat\/es\/wp-json\/wp\/v2\/users\/1"}],"replies":[{"embeddable":true,"href":"https:\/\/fss.cat\/es\/wp-json\/wp\/v2\/comments?post=4889"}],"version-history":[{"count":0,"href":"https:\/\/fss.cat\/es\/wp-json\/wp\/v2\/posts\/4889\/revisions"}],"wp:featuredmedia":[{"embeddable":true,"href":"https:\/\/fss.cat\/es\/wp-json\/wp\/v2\/media\/4892"}],"wp:attachment":[{"href":"https:\/\/fss.cat\/es\/wp-json\/wp\/v2\/media?parent=4889"}],"wp:term":[{"taxonomy":"category","embeddable":true,"href":"https:\/\/fss.cat\/es\/wp-json\/wp\/v2\/categories?post=4889"},{"taxonomy":"post_tag","embeddable":true,"href":"https:\/\/fss.cat\/es\/wp-json\/wp\/v2\/tags?post=4889"}],"curies":[{"name":"wp","href":"https:\/\/api.w.org\/{rel}","templated":true}]}}