{"id":4887,"date":"2019-05-28T09:05:51","date_gmt":"2019-05-28T09:05:51","guid":{"rendered":"https:\/\/resi.prova.cat\/novetat-a-la-cuina-iogurts-la-fageda\/"},"modified":"2019-05-28T09:05:51","modified_gmt":"2019-05-28T09:05:51","slug":"novetat-a-la-cuina-iogurts-la-fageda","status":"publish","type":"post","link":"https:\/\/fss.cat\/es\/novetat-a-la-cuina-iogurts-la-fageda\/","title":{"rendered":"Novetat a la cuina: iogurts La Fageda"},"content":{"rendered":"<div>\n<div>Aquest mes els\u00a0serveis de restauraci\u00f3 de la Fundaci\u00f3 Santa Susanna\u00a0compten amb un nou prove\u00efdor de\u00a0iogurts: la Cooperativa La Fageda d&#8217;Olot. El canvi \u00e9s\u00a0<span class=\"gmail-Apple-style-span\">una aposta per la qualitat i l\u2019economia social<\/span>.<\/div>\n<p>Ara podeu notar la difer\u00e8ncia en els\u00a0iogurts. Us convidem a que ens feu arribar les vostres opinions de la carn mitjan\u00e7ant la b\u00fastia que trobareu a la cafeteria del Punt de trobada.<\/p><\/div>\n<div><\/div>\n<div><strong>La Fageda<\/strong><\/div>\n<div>La\u00a0cooperativava ser\u00a0fundada l&#8217;any 1982 que t\u00e9 com a missi\u00f3 millorar la qualitat de vida i promoure la integraci\u00f3 social de persones amb discapacitat intel\u00b7lectual i\/o trastorns mentals severs i altres col\u00b7lectius en risc d\u2019exclusi\u00f3 social de la Garrotxa, mitjan\u00e7ant unes activitats empresarials que generen llocs de treball amb sentit, i uns serveis assistencials gestionats sota criteris de qualitat i d\u2019excel\u00b7l\u00e8ncia, que creen valor tant per l\u2019organitzaci\u00f3 com per la resta de la societat.\u00a0<a href=\"http:\/\/www.fageda.com\/\" target=\"_blank\" rel=\"noopener\">M\u00e9s informaci\u00f3<\/a><\/div>\n","protected":false},"excerpt":{"rendered":"<p>Aquest mes els\u00a0serveis de restauraci\u00f3 de la Fundaci\u00f3 Santa Susanna\u00a0compten amb un nou prove\u00efdor de\u00a0iogurts: la Cooperativa La Fageda d&#8217;Olot. El canvi \u00e9s\u00a0una aposta per la qualitat i l\u2019economia social. Ara podeu notar la difer\u00e8ncia en els\u00a0iogurts. Us convidem a que ens feu arribar les vostres opinions de la carn mitjan\u00e7ant la b\u00fastia que trobareu [&hellip;]<\/p>\n","protected":false},"author":1,"featured_media":4888,"comment_status":"closed","ping_status":"closed","sticky":false,"template":"","format":"standard","meta":{"_acf_changed":false,"footnotes":""},"categories":[],"tags":[],"class_list":["post-4887","post","type-post","status-publish","format-standard","has-post-thumbnail","hentry"],"acf":[],"_links":{"self":[{"href":"https:\/\/fss.cat\/es\/wp-json\/wp\/v2\/posts\/4887","targetHints":{"allow":["GET"]}}],"collection":[{"href":"https:\/\/fss.cat\/es\/wp-json\/wp\/v2\/posts"}],"about":[{"href":"https:\/\/fss.cat\/es\/wp-json\/wp\/v2\/types\/post"}],"author":[{"embeddable":true,"href":"https:\/\/fss.cat\/es\/wp-json\/wp\/v2\/users\/1"}],"replies":[{"embeddable":true,"href":"https:\/\/fss.cat\/es\/wp-json\/wp\/v2\/comments?post=4887"}],"version-history":[{"count":0,"href":"https:\/\/fss.cat\/es\/wp-json\/wp\/v2\/posts\/4887\/revisions"}],"wp:featuredmedia":[{"embeddable":true,"href":"https:\/\/fss.cat\/es\/wp-json\/wp\/v2\/media\/4888"}],"wp:attachment":[{"href":"https:\/\/fss.cat\/es\/wp-json\/wp\/v2\/media?parent=4887"}],"wp:term":[{"taxonomy":"category","embeddable":true,"href":"https:\/\/fss.cat\/es\/wp-json\/wp\/v2\/categories?post=4887"},{"taxonomy":"post_tag","embeddable":true,"href":"https:\/\/fss.cat\/es\/wp-json\/wp\/v2\/tags?post=4887"}],"curies":[{"name":"wp","href":"https:\/\/api.w.org\/{rel}","templated":true}]}}