{"id":4884,"date":"2019-01-07T09:43:29","date_gmt":"2019-01-07T09:43:29","guid":{"rendered":"https:\/\/resi.prova.cat\/la-fundacio-als-mitjans-2018\/"},"modified":"2019-01-07T09:43:29","modified_gmt":"2019-01-07T09:43:29","slug":"la-fundacio-als-mitjans-2018","status":"publish","type":"post","link":"https:\/\/fss.cat\/es\/la-fundacio-als-mitjans-2018\/","title":{"rendered":"La Fundaci\u00f3 als mitjans (2018)"},"content":{"rendered":"<p>Aquest \u00e9s el recull de les aparicions de la Fundaci\u00f3 Santa Susanna als mitjans de comunicaci\u00f3.<\/p>\n<p style=\"text-align: center;\"><a href=\"http:\/\/www.fss.cat\/wp-content\/uploads\/2019\/05\/recull-de-premsa-2018.pdf\">La Fundaci\u00f3 Santa Susanna als mitjans (2018)<\/a><\/p>\n","protected":false},"excerpt":{"rendered":"<p>Aquest \u00e9s el recull de les aparicions de la Fundaci\u00f3 Santa Susanna als mitjans de comunicaci\u00f3. La Fundaci\u00f3 Santa Susanna als mitjans (2018)<\/p>\n","protected":false},"author":1,"featured_media":4885,"comment_status":"closed","ping_status":"closed","sticky":false,"template":"","format":"standard","meta":{"_acf_changed":false,"footnotes":""},"categories":[],"tags":[],"class_list":["post-4884","post","type-post","status-publish","format-standard","has-post-thumbnail","hentry"],"acf":[],"_links":{"self":[{"href":"https:\/\/fss.cat\/es\/wp-json\/wp\/v2\/posts\/4884","targetHints":{"allow":["GET"]}}],"collection":[{"href":"https:\/\/fss.cat\/es\/wp-json\/wp\/v2\/posts"}],"about":[{"href":"https:\/\/fss.cat\/es\/wp-json\/wp\/v2\/types\/post"}],"author":[{"embeddable":true,"href":"https:\/\/fss.cat\/es\/wp-json\/wp\/v2\/users\/1"}],"replies":[{"embeddable":true,"href":"https:\/\/fss.cat\/es\/wp-json\/wp\/v2\/comments?post=4884"}],"version-history":[{"count":0,"href":"https:\/\/fss.cat\/es\/wp-json\/wp\/v2\/posts\/4884\/revisions"}],"wp:featuredmedia":[{"embeddable":true,"href":"https:\/\/fss.cat\/es\/wp-json\/wp\/v2\/media\/4885"}],"wp:attachment":[{"href":"https:\/\/fss.cat\/es\/wp-json\/wp\/v2\/media?parent=4884"}],"wp:term":[{"taxonomy":"category","embeddable":true,"href":"https:\/\/fss.cat\/es\/wp-json\/wp\/v2\/categories?post=4884"},{"taxonomy":"post_tag","embeddable":true,"href":"https:\/\/fss.cat\/es\/wp-json\/wp\/v2\/tags?post=4884"}],"curies":[{"name":"wp","href":"https:\/\/api.w.org\/{rel}","templated":true}]}}