{"id":4882,"date":"2019-05-02T10:31:41","date_gmt":"2019-05-02T10:31:41","guid":{"rendered":"https:\/\/resi.prova.cat\/llegir-per-sanar\/"},"modified":"2019-05-02T10:31:41","modified_gmt":"2019-05-02T10:31:41","slug":"llegir-per-sanar","status":"publish","type":"post","link":"https:\/\/fss.cat\/es\/llegir-per-sanar\/","title":{"rendered":"Llegir per sanar"},"content":{"rendered":"<div>El passat 24 d&#8217;abril, coincidint amb la celebraci\u00f3 de la Setmana Cultural, es va crear el Club de lectura per a professionals sanitaris de la zona i persones interessades a la Fundaci\u00f3 Sociosanit\u00e0ria Santa Susanna.<\/div>\n<div>\u00a0<span class=\"Apple-style-span\"><br \/>\n<strong>Per qu\u00e8 un club de lectura?\u00a0<\/strong><\/span><\/div>\n<div>La literatura \u00e9s una eina important dins la formaci\u00f3 human\u00edsitca per a desenvolupar la sensibilitat dels professionals de la salut, un dels aspectes essencials que no acostuma a ser present en les activitats formatives. La lectura d&#8217;obres liter\u00e0ries relacionades amb la salut, la malaltia i l&#8217;atenci\u00f3 sanit\u00e0ria i la posterior reflexi\u00f3 de manera compartida pot contribuir a respectar i comprendre la singularitat de cada pacient i les diferents formes de soriment i, alhora, fomentar una atenci\u00f3 m\u00e9s emp\u00e0tica i compassiva quan calgui, respectuosa amb els valors i desitjos dels pacients,<\/div>\n<div>\nL&#8217;activitat est\u00e0 organitzada pel Comit\u00e8 d&#8217;\u00c8tica Assistencial del Vall\u00e8s Oriental Central (C\u00e8AVOC) i compta amb la col\u00b7laboraci\u00f3 de la Societat Catalana de Bio\u00e8tica, la Universitat Oberta de Catalaunya i la Fundaci\u00f3 Sociosanit\u00e0ria Santa Susanna. Les persones interessades han d&#8217;adre\u00e7ar-se al C\u00e8AVOC:\u00a0<a href=\"mailto:ceavoc@fss.cat\" target=\"_blank\" rel=\"noopener\">ceavoc@<wbr \/>fss.cat<\/a>.<\/div>\n<div><\/div>\n<div style=\"text-align: center;\"><strong><span class=\"Apple-style-span\">\u00abEntre dos cirurgians igualment competents, procuri que l&#8217;operi qui hagi llegit Tx\u00e9khov\u00bb<\/span><\/strong><\/div>\n<div style=\"text-align: center;\">(Simon Leys)<\/div>\n","protected":false},"excerpt":{"rendered":"<p>El passat 24 d&#8217;abril, coincidint amb la celebraci\u00f3 de la Setmana Cultural, es va crear el Club de lectura per a professionals sanitaris de la zona i persones interessades a la Fundaci\u00f3 Sociosanit\u00e0ria Santa Susanna. \u00a0 Per qu\u00e8 un club de lectura?\u00a0 La literatura \u00e9s una eina important dins la formaci\u00f3 human\u00edsitca per a desenvolupar [&hellip;]<\/p>\n","protected":false},"author":1,"featured_media":4883,"comment_status":"closed","ping_status":"closed","sticky":false,"template":"","format":"standard","meta":{"_acf_changed":false,"footnotes":""},"categories":[],"tags":[],"class_list":["post-4882","post","type-post","status-publish","format-standard","has-post-thumbnail","hentry"],"acf":[],"_links":{"self":[{"href":"https:\/\/fss.cat\/es\/wp-json\/wp\/v2\/posts\/4882","targetHints":{"allow":["GET"]}}],"collection":[{"href":"https:\/\/fss.cat\/es\/wp-json\/wp\/v2\/posts"}],"about":[{"href":"https:\/\/fss.cat\/es\/wp-json\/wp\/v2\/types\/post"}],"author":[{"embeddable":true,"href":"https:\/\/fss.cat\/es\/wp-json\/wp\/v2\/users\/1"}],"replies":[{"embeddable":true,"href":"https:\/\/fss.cat\/es\/wp-json\/wp\/v2\/comments?post=4882"}],"version-history":[{"count":0,"href":"https:\/\/fss.cat\/es\/wp-json\/wp\/v2\/posts\/4882\/revisions"}],"wp:featuredmedia":[{"embeddable":true,"href":"https:\/\/fss.cat\/es\/wp-json\/wp\/v2\/media\/4883"}],"wp:attachment":[{"href":"https:\/\/fss.cat\/es\/wp-json\/wp\/v2\/media?parent=4882"}],"wp:term":[{"taxonomy":"category","embeddable":true,"href":"https:\/\/fss.cat\/es\/wp-json\/wp\/v2\/categories?post=4882"},{"taxonomy":"post_tag","embeddable":true,"href":"https:\/\/fss.cat\/es\/wp-json\/wp\/v2\/tags?post=4882"}],"curies":[{"name":"wp","href":"https:\/\/api.w.org\/{rel}","templated":true}]}}