{"id":4876,"date":"2019-03-21T09:03:22","date_gmt":"2019-03-21T09:03:22","guid":{"rendered":"https:\/\/resi.prova.cat\/el-passat-de-la-fundacio-a-lexposicio-laigua-que-cura\/"},"modified":"2025-07-09T10:34:02","modified_gmt":"2025-07-09T10:34:02","slug":"el-passat-de-la-fundacio-a-lexposicio-laigua-que-cura","status":"publish","type":"post","link":"https:\/\/fss.cat\/es\/el-passat-de-la-fundacio-a-lexposicio-laigua-que-cura\/","title":{"rendered":"El passat de la Fundaci\u00f3 a l&#8217;exposici\u00f3 \u00abL&#8217;aigua que cura\u00bb"},"content":{"rendered":"<div>El divendres 15 de mar\u00e7 es van obrir les portes de l&#8217;exposici\u00f3 <strong>\u00abL&#8217;aigua que cura. Hist\u00f2ria de l&#8217;Hospital de pobres de Santa Susanna\u00bb<\/strong> a la Sala Badia del Museu Thermalia i es podr\u00e0 visitar fins el 30 de juny.<\/div>\n<div><\/div>\n<div><\/div>\n<div><a href=\"https:\/\/fss.cat\/wp-content\/uploads\/2025\/07\/ExpoThermaliaTVaigua.jpg\"><img fetchpriority=\"high\" decoding=\"async\" class=\"aligncenter size-large wp-image-1262\" src=\"https:\/\/fss.cat\/wp-content\/uploads\/2025\/07\/ExpoThermaliaTVaigua-1024x576.jpg\" alt=\"\" width=\"710\" height=\"399\" \/><\/a><\/div>\n<div><\/div>\n<div>L&#8217;exposici\u00f3 ha estat possible a partir dels documents i pergamins que la Fundaci\u00f3 va donar a l&#8217;<strong>Arxiu Municipal de Caldes de Montbui<\/strong> l&#8217;any 2008 per a una bona conservaci\u00f3 i divulgaci\u00f3, documentaci\u00f3 que l&#8217;Ajuntament va restaurar amb la col\u00b7laboraci\u00f3 de la Diputaci\u00f3 de Barcelona. La historiadora Irene Llop, qui va catalogar el fons de l&#8217;antic hospital, \u00e9s la comiss\u00e0ria de l&#8217;exposici\u00f3.<\/div>\n<div><\/div>\n<div>L&#8217;espai que acull l&#8217;exposici\u00f3 \u00e9s molt significatiu:<strong>\u00a0<\/strong><strong>l&#8217;edifici del Museu Thermalia<\/strong>, entitat que ara celebra els seus 25 anys, \u00e9s justament l&#8217;espai que va ocupar l&#8217;antic Hospital de pobres de Santa Susanna des dels seus inicis el segle XIV fins el l&#8217;11 d&#8217;agost de 1978, diada de Santa Susanna, data en que es va traslladar l&#8217;activitat a l&#8217;edifici del carrer Font i Boet.<\/div>\n<div>Us convidem a visitar-la per poder con\u00e8ixer el nostre passat, descobrir algunes curiositats i identificar <strong>els elements que han estat present al llarg dels sis segles d&#8217;hist\u00f2ria<\/strong>: l\u2019advocaci\u00f3 a Santa Susanna, l\u2019hospitalitat, la propietat i acc\u00e9s a aig\u00fces termals, les donacions, la gratu\u00eftat dels serveis als pobres i necessitats de la vila, la composici\u00f3 de la Junta (formada per representants de l\u2019Ajuntament i la Parr\u00f2quia), la vinculaci\u00f3 amb la vila i la capacitat d\u2019adaptar-se a les noves necessitats.<\/div>\n","protected":false},"excerpt":{"rendered":"<p>El divendres 15 de mar\u00e7 es van obrir les portes de l&#8217;exposici\u00f3 \u00abL&#8217;aigua que cura. Hist\u00f2ria de l&#8217;Hospital de pobres de Santa Susanna\u00bb a la Sala Badia del Museu Thermalia i es podr\u00e0 visitar fins el 30 de juny. L&#8217;exposici\u00f3 ha estat possible a partir dels documents i pergamins que la Fundaci\u00f3 va donar a [&hellip;]<\/p>\n","protected":false},"author":1,"featured_media":4879,"comment_status":"closed","ping_status":"closed","sticky":false,"template":"","format":"standard","meta":{"_acf_changed":false,"footnotes":""},"categories":[],"tags":[],"class_list":["post-4876","post","type-post","status-publish","format-standard","has-post-thumbnail","hentry"],"acf":[],"_links":{"self":[{"href":"https:\/\/fss.cat\/es\/wp-json\/wp\/v2\/posts\/4876","targetHints":{"allow":["GET"]}}],"collection":[{"href":"https:\/\/fss.cat\/es\/wp-json\/wp\/v2\/posts"}],"about":[{"href":"https:\/\/fss.cat\/es\/wp-json\/wp\/v2\/types\/post"}],"author":[{"embeddable":true,"href":"https:\/\/fss.cat\/es\/wp-json\/wp\/v2\/users\/1"}],"replies":[{"embeddable":true,"href":"https:\/\/fss.cat\/es\/wp-json\/wp\/v2\/comments?post=4876"}],"version-history":[{"count":0,"href":"https:\/\/fss.cat\/es\/wp-json\/wp\/v2\/posts\/4876\/revisions"}],"wp:featuredmedia":[{"embeddable":true,"href":"https:\/\/fss.cat\/es\/wp-json\/wp\/v2\/media\/4879"}],"wp:attachment":[{"href":"https:\/\/fss.cat\/es\/wp-json\/wp\/v2\/media?parent=4876"}],"wp:term":[{"taxonomy":"category","embeddable":true,"href":"https:\/\/fss.cat\/es\/wp-json\/wp\/v2\/categories?post=4876"},{"taxonomy":"post_tag","embeddable":true,"href":"https:\/\/fss.cat\/es\/wp-json\/wp\/v2\/tags?post=4876"}],"curies":[{"name":"wp","href":"https:\/\/api.w.org\/{rel}","templated":true}]}}