{"id":4874,"date":"2019-03-21T08:53:39","date_gmt":"2019-03-21T08:53:39","guid":{"rendered":"https:\/\/resi.prova.cat\/bones-noticies-de-les-activitats-per-a-gent-gran-de-caldes\/"},"modified":"2019-03-21T08:53:39","modified_gmt":"2019-03-21T08:53:39","slug":"bones-noticies-de-les-activitats-per-a-gent-gran-de-caldes","status":"publish","type":"post","link":"https:\/\/fss.cat\/es\/bones-noticies-de-les-activitats-per-a-gent-gran-de-caldes\/","title":{"rendered":"Bones not\u00edcies de les activitats per a gent gran de Caldes"},"content":{"rendered":"<div>\n<div>La Fundaci\u00f3 Santa Susanna ha\u00a0guanyat el concurs\u00a0de l&#8217;Ajuntament de Caldes de Montbui per poder portar a terme, els propers 4 anys, el projecte de dinamitzaci\u00f3 d&#8217;activitats socioeducatives per a les persones grans del municipi.<\/div>\n<\/div>\n<div><\/div>\n<div>Aquest \u00e9s un projecte que la Fundaci\u00f3 ha estat desenvolupant des del 1989 anys amb l&#8217;objectiu de millorar la qualitat de vida de les persones grans calderines.\u00a0Les activitats que inclou s\u00f3n:<\/div>\n<div><\/div>\n<div>&#8211; Grups d&#8217;activitat f\u00edsica a Les Cases dels Mestres: 6 de gimn\u00e0stica, 1 de balls i danses i 2 de ioga<\/div>\n<div>&#8211; Taller de Mem\u00f2ria a Les Cases dels Mestres<\/div>\n<div>&#8211; Punt d&#8217;informaci\u00f3 i dinamitzaci\u00f3 per a gent gran a Les Cases dels Mestres<\/div>\n<div>&#8211; Espai de participaci\u00f3: la Coordinadora de gent gran<\/div>\n<div>&#8211; Col\u00f2nies per a gent gran i activitats d&#8217;estiu<\/div>\n<div>&#8211; Elements de difusi\u00f3: L&#8217;Esbarjo i l&#8217;Agenda de la Coordinadora<\/div>\n<div><\/div>\n<div>L&#8217;equip del projecte socioeducatiu est\u00e0 format per 2 monitors d&#8217;educaci\u00f3 f\u00edsica i lleure, 1 psic\u00f2loga, 1 conserge i 1 educadora social sota la supervisi\u00f3 de la directora de la Fundaci\u00f3 i amb el suport de la resta de professionals de la instituci\u00f3.<\/div>\n","protected":false},"excerpt":{"rendered":"<p>La Fundaci\u00f3 Santa Susanna ha\u00a0guanyat el concurs\u00a0de l&#8217;Ajuntament de Caldes de Montbui per poder portar a terme, els propers 4 anys, el projecte de dinamitzaci\u00f3 d&#8217;activitats socioeducatives per a les persones grans del municipi. Aquest \u00e9s un projecte que la Fundaci\u00f3 ha estat desenvolupant des del 1989 anys amb l&#8217;objectiu de millorar la qualitat de [&hellip;]<\/p>\n","protected":false},"author":1,"featured_media":4875,"comment_status":"closed","ping_status":"closed","sticky":false,"template":"","format":"standard","meta":{"_acf_changed":false,"footnotes":""},"categories":[],"tags":[],"class_list":["post-4874","post","type-post","status-publish","format-standard","has-post-thumbnail","hentry"],"acf":[],"_links":{"self":[{"href":"https:\/\/fss.cat\/es\/wp-json\/wp\/v2\/posts\/4874","targetHints":{"allow":["GET"]}}],"collection":[{"href":"https:\/\/fss.cat\/es\/wp-json\/wp\/v2\/posts"}],"about":[{"href":"https:\/\/fss.cat\/es\/wp-json\/wp\/v2\/types\/post"}],"author":[{"embeddable":true,"href":"https:\/\/fss.cat\/es\/wp-json\/wp\/v2\/users\/1"}],"replies":[{"embeddable":true,"href":"https:\/\/fss.cat\/es\/wp-json\/wp\/v2\/comments?post=4874"}],"version-history":[{"count":0,"href":"https:\/\/fss.cat\/es\/wp-json\/wp\/v2\/posts\/4874\/revisions"}],"wp:featuredmedia":[{"embeddable":true,"href":"https:\/\/fss.cat\/es\/wp-json\/wp\/v2\/media\/4875"}],"wp:attachment":[{"href":"https:\/\/fss.cat\/es\/wp-json\/wp\/v2\/media?parent=4874"}],"wp:term":[{"taxonomy":"category","embeddable":true,"href":"https:\/\/fss.cat\/es\/wp-json\/wp\/v2\/categories?post=4874"},{"taxonomy":"post_tag","embeddable":true,"href":"https:\/\/fss.cat\/es\/wp-json\/wp\/v2\/tags?post=4874"}],"curies":[{"name":"wp","href":"https:\/\/api.w.org\/{rel}","templated":true}]}}