{"id":4873,"date":"2019-02-05T09:22:28","date_gmt":"2019-02-05T09:22:28","guid":{"rendered":"https:\/\/resi.prova.cat\/nou-aparcament\/"},"modified":"2019-02-05T09:22:28","modified_gmt":"2019-02-05T09:22:28","slug":"nou-aparcament","status":"publish","type":"post","link":"https:\/\/fss.cat\/es\/nou-aparcament\/","title":{"rendered":"Nou aparcament"},"content":{"rendered":"<div id=\"\">El nou Aparcament Centre &#8211; El Sindicat ja est\u00e0 en funcionament les 24 hores del dia els 365 dies de l&#8217;any.<\/div>\n<div id=\"\">Situat al Raval Canyelles, molt pr\u00f2xim al nostre edifici, podr\u00e0 ser utilitzat per totes les persones que venen a la fundaci\u00f3.<\/div>\n<div id=\"\"><\/div>\n<div id=\"\">Els vehicles que paguen l&#8217;Impost de Vehicles de Tracci\u00f3 Mec\u00e0nica a Caldes de Montbui poden utilitzar l&#8217;aparcament gratuitament durant 2 hores; passat aquest temps poden deixar lliure l&#8217;espai o abonar la tarifa corresponent.<\/div>\n<div id=\"\"><\/div>\n<div id=\"\"><a href=\"http:\/\/www.caldesdemontbui.cat\/ajuntament\/accio-de-govern\/aparcament-regulat-zona-blava-i-aparcament-centre-el-sindicat.html\" target=\"_blank\" rel=\"noopener\" data-saferedirecturl=\"https:\/\/www.google.com\/url?q=http:\/\/www.caldesdemontbui.cat\/ajuntament\/accio-de-govern\/aparcament-regulat-zona-blava-i-aparcament-centre-el-sindicat.html&amp;source=gmail&amp;ust=1549440900963000&amp;usg=AFQjCNF7DR-CK3HXtUzZoxEolYWbZ5pkjg\">M\u00e9s informaci\u00f3 de les tarifes i de l&#8217;Aparcament Centre &#8211; El Sindicat<\/a><\/div>\n","protected":false},"excerpt":{"rendered":"<p>El nou Aparcament Centre &#8211; El Sindicat ja est\u00e0 en funcionament les 24 hores del dia els 365 dies de l&#8217;any. Situat al Raval Canyelles, molt pr\u00f2xim al nostre edifici, podr\u00e0 ser utilitzat per totes les persones que venen a la fundaci\u00f3. Els vehicles que paguen l&#8217;Impost de Vehicles de Tracci\u00f3 Mec\u00e0nica a Caldes de [&hellip;]<\/p>\n","protected":false},"author":1,"featured_media":0,"comment_status":"closed","ping_status":"closed","sticky":false,"template":"","format":"standard","meta":{"_acf_changed":false,"footnotes":""},"categories":[],"tags":[],"class_list":["post-4873","post","type-post","status-publish","format-standard","hentry"],"acf":[],"_links":{"self":[{"href":"https:\/\/fss.cat\/es\/wp-json\/wp\/v2\/posts\/4873","targetHints":{"allow":["GET"]}}],"collection":[{"href":"https:\/\/fss.cat\/es\/wp-json\/wp\/v2\/posts"}],"about":[{"href":"https:\/\/fss.cat\/es\/wp-json\/wp\/v2\/types\/post"}],"author":[{"embeddable":true,"href":"https:\/\/fss.cat\/es\/wp-json\/wp\/v2\/users\/1"}],"replies":[{"embeddable":true,"href":"https:\/\/fss.cat\/es\/wp-json\/wp\/v2\/comments?post=4873"}],"version-history":[{"count":0,"href":"https:\/\/fss.cat\/es\/wp-json\/wp\/v2\/posts\/4873\/revisions"}],"wp:attachment":[{"href":"https:\/\/fss.cat\/es\/wp-json\/wp\/v2\/media?parent=4873"}],"wp:term":[{"taxonomy":"category","embeddable":true,"href":"https:\/\/fss.cat\/es\/wp-json\/wp\/v2\/categories?post=4873"},{"taxonomy":"post_tag","embeddable":true,"href":"https:\/\/fss.cat\/es\/wp-json\/wp\/v2\/tags?post=4873"}],"curies":[{"name":"wp","href":"https:\/\/api.w.org\/{rel}","templated":true}]}}