{"id":4868,"date":"2019-01-24T09:34:07","date_gmt":"2019-01-24T09:34:07","guid":{"rendered":"https:\/\/resi.prova.cat\/activitats-intergeneracionals-i-servei-comunitari\/"},"modified":"2025-07-09T10:33:51","modified_gmt":"2025-07-09T10:33:51","slug":"activitats-intergeneracionals-i-servei-comunitari","status":"publish","type":"post","link":"https:\/\/fss.cat\/es\/activitats-intergeneracionals-i-servei-comunitari\/","title":{"rendered":"Activitats intergeneracionals i servei comunitari"},"content":{"rendered":"<p><span lang=\"CA\">La Fundaci\u00f3 Santa Susanna sempre ha tingut les seves portes obertes a persones i entitats que volen col\u00b7laborar en el programa d&#8217;activitats del centre afavorint la\u00a0<span id=\"m_-6745519949601418294:3sv.2\">socialitzaci\u00f3<\/span>\u00a0dels residents. Algunes de les\u00a0<span id=\"m_-6745519949601418294:3sv.3\">col\u00b7laboracions<\/span>\u00a0permeten la relaci\u00f3 entre diferents generacions i creant experi\u00e8ncies enriquidores per a petits i grans.<\/span><\/p>\n<p><a href=\"https:\/\/fss.cat\/wp-content\/uploads\/2025\/07\/IMG_20190114_181411-copia-scaled.jpg\"><img fetchpriority=\"high\" decoding=\"async\" class=\"aligncenter size-medium wp-image-1242\" src=\"https:\/\/fss.cat\/wp-content\/uploads\/2025\/07\/IMG_20190114_181411-copia-scaled.jpg\" alt=\"\" width=\"300\" height=\"229\" \/><\/a><br \/>\nAquest mes de gener, la Fundaci\u00f3 d&#8217;Acollida Santa Susanna s&#8217;estrena amb el projecte Servei Comunitari, en el que hi participen 27 alumnes de l&#8217;<strong><span class=\"Apple-style-span\">Institut Pic del Vent<\/span><\/strong>\u00a0i de l&#8217;<strong><span class=\"Apple-style-span\">Institut\u00a0<span id=\"m_-6745519949601418294:3sv.4\">Manolo<\/span>\u00a0Hugu\u00e9<\/span><\/strong>. Cada jove dedicar\u00e0 10 hores a la nostra instituci\u00f3 compartint activitats amb els residents: jocs de taula, activitat f\u00edsica i activitats audiovisuals.<br \/>\nEl Servei Comunitari \u00e9s una acci\u00f3 impulsada pel Departament d&#8217;Ensenyament adre\u00e7ada als alumnes de secund\u00e0ria obligat\u00f2ria. La Fundaci\u00f3 s&#8217;ha adherit al projecte perqu\u00e8 valora\u00a0<span id=\"m_-6745519949601418294:3sv.5\">positivament<\/span>\u00a0l&#8217;intercanvi\u00a0<span id=\"m_-6745519949601418294:3sv.6\">generacional<\/span>\u00a0i perqu\u00e8 permet als joves col\u00b7laborar en tasques de voluntariat, posar les seves habilitats personals al servei de la comunitat\u00a0i adquirir valors c\u00edvics com la solidaritat, el respecte, l&#8217;empatia, el comprom\u00eds o l&#8217;altruisme.<\/p>\n<p>D&#8217;altra banda, aquest mes tamb\u00e9 s&#8217;han realitzat dues activitats conjuntes amb els adolescents del\u00a0<strong><span class=\"Apple-style-span\">Centre Obert municipal<\/span><\/strong>, compartint jocs i activitats de conviv\u00e8ncia.<br \/>\nI, com ja s&#8217;est\u00e0 fent en els darrers anys, es realitzen diferents activitats al llarg del curs amb els cursos de secund\u00e0ria de l&#8217;<strong><span class=\"Apple-style-span\">Escola Pia<\/span><\/strong>.\u00a0<span id=\"m_-6745519949601418294:3sv.7\">Concretament<\/span>, es realitzen activitats vinculades amb l&#8217;art, la m\u00fasica, els jocs i, el 27 de novembre, la celebraci\u00f3 de la festa de Sant Josep de\u00a0<span id=\"m_-6745519949601418294:3sv.8\">Calasan\u00e7.<\/span><\/p>\n","protected":false},"excerpt":{"rendered":"<p>La Fundaci\u00f3 Santa Susanna sempre ha tingut les seves portes obertes a persones i entitats que volen col\u00b7laborar en el programa d&#8217;activitats del centre afavorint la\u00a0socialitzaci\u00f3\u00a0dels residents. Algunes de les\u00a0col\u00b7laboracions\u00a0permeten la relaci\u00f3 entre diferents generacions i creant experi\u00e8ncies enriquidores per a petits i grans. Aquest mes de gener, la Fundaci\u00f3 d&#8217;Acollida Santa Susanna s&#8217;estrena amb [&hellip;]<\/p>\n","protected":false},"author":1,"featured_media":4871,"comment_status":"closed","ping_status":"closed","sticky":false,"template":"","format":"standard","meta":{"_acf_changed":false,"footnotes":""},"categories":[],"tags":[],"class_list":["post-4868","post","type-post","status-publish","format-standard","has-post-thumbnail","hentry"],"acf":[],"_links":{"self":[{"href":"https:\/\/fss.cat\/es\/wp-json\/wp\/v2\/posts\/4868","targetHints":{"allow":["GET"]}}],"collection":[{"href":"https:\/\/fss.cat\/es\/wp-json\/wp\/v2\/posts"}],"about":[{"href":"https:\/\/fss.cat\/es\/wp-json\/wp\/v2\/types\/post"}],"author":[{"embeddable":true,"href":"https:\/\/fss.cat\/es\/wp-json\/wp\/v2\/users\/1"}],"replies":[{"embeddable":true,"href":"https:\/\/fss.cat\/es\/wp-json\/wp\/v2\/comments?post=4868"}],"version-history":[{"count":0,"href":"https:\/\/fss.cat\/es\/wp-json\/wp\/v2\/posts\/4868\/revisions"}],"wp:featuredmedia":[{"embeddable":true,"href":"https:\/\/fss.cat\/es\/wp-json\/wp\/v2\/media\/4871"}],"wp:attachment":[{"href":"https:\/\/fss.cat\/es\/wp-json\/wp\/v2\/media?parent=4868"}],"wp:term":[{"taxonomy":"category","embeddable":true,"href":"https:\/\/fss.cat\/es\/wp-json\/wp\/v2\/categories?post=4868"},{"taxonomy":"post_tag","embeddable":true,"href":"https:\/\/fss.cat\/es\/wp-json\/wp\/v2\/tags?post=4868"}],"curies":[{"name":"wp","href":"https:\/\/api.w.org\/{rel}","templated":true}]}}