{"id":4848,"date":"2018-06-02T09:50:04","date_gmt":"2018-06-02T09:50:04","guid":{"rendered":"https:\/\/resi.prova.cat\/donatiu-per-seguir-acompanyant-la-vellesa\/"},"modified":"2018-06-02T09:50:04","modified_gmt":"2018-06-02T09:50:04","slug":"donatiu-per-seguir-acompanyant-la-vellesa","status":"publish","type":"post","link":"https:\/\/fss.cat\/es\/donatiu-per-seguir-acompanyant-la-vellesa\/","title":{"rendered":"Donatiu per seguir acompanyant la vellesa"},"content":{"rendered":"<div>El patronat de la Fundaci\u00f3 Santa Susanna ha rebut un nou donatiu de l&#8217;Associaci\u00f3 de gent gran L&#8217;Esplai.<\/div>\n<div>Les dues entitats ja van manifestar l&#8217;any passat\u00a0la necessitat de seguir acompanyant la vellesa des de la vessant sanit\u00e0ria i des de l&#8217;\u00e0mbit d&#8217;oci i relacional. Per aquest motiu, la Fundaci\u00f3 ha estat novament una de les destinat\u00e0ries de l&#8217;import\u00a0econ\u00f2mic de la quota dels m\u00e9s de 1000 socis.<\/div>\n<div>\n<span id=\"m_2631243994687214976m_-6172975212319354130:3b3.1\">Mn<\/span>. Xavier\u00a0<span id=\"m_2631243994687214976m_-6172975212319354130:3b3.2\">Blanco<\/span>\u00a0(<span id=\"m_2631243994687214976m_-6172975212319354130:3b3.3\">vicepresident<\/span>\u00a0del patronat de la Fundaci\u00f3 Santa Susanna) va rebre el donatiu de mans del\u00a0<span id=\"m_2631243994687214976m_-6172975212319354130:3b3.4\">Sr<\/span>.\u00a0<span id=\"m_2631243994687214976m_-6172975212319354130:3b3.5\">Antonio<\/span>\u00a0Hern\u00e1ndez (president de L&#8217;Esplai)\u00a0<span id=\"m_2631243994687214976m_-6172975212319354130:3b3.6\">acopmanyat<\/span>\u00a0per membres de les dues juntes.\u00a0<span id=\"m_2631243994687214976m_-6172975212319354130:3b3.7\">Blanco<\/span>\u00a0va agrair en nom de l&#8217;entitat\u00a0el gest i ha explicat que l&#8217;import anir\u00e0 destinat a comprar una cadira de bra\u00e7os regulable amb rodes que permet el descans i el confort dels residents.<\/div>\n","protected":false},"excerpt":{"rendered":"<p>El patronat de la Fundaci\u00f3 Santa Susanna ha rebut un nou donatiu de l&#8217;Associaci\u00f3 de gent gran L&#8217;Esplai. Les dues entitats ja van manifestar l&#8217;any passat\u00a0la necessitat de seguir acompanyant la vellesa des de la vessant sanit\u00e0ria i des de l&#8217;\u00e0mbit d&#8217;oci i relacional. Per aquest motiu, la Fundaci\u00f3 ha estat novament una de les [&hellip;]<\/p>\n","protected":false},"author":1,"featured_media":4849,"comment_status":"closed","ping_status":"closed","sticky":false,"template":"","format":"standard","meta":{"_acf_changed":false,"footnotes":""},"categories":[],"tags":[],"class_list":["post-4848","post","type-post","status-publish","format-standard","has-post-thumbnail","hentry"],"acf":[],"_links":{"self":[{"href":"https:\/\/fss.cat\/es\/wp-json\/wp\/v2\/posts\/4848","targetHints":{"allow":["GET"]}}],"collection":[{"href":"https:\/\/fss.cat\/es\/wp-json\/wp\/v2\/posts"}],"about":[{"href":"https:\/\/fss.cat\/es\/wp-json\/wp\/v2\/types\/post"}],"author":[{"embeddable":true,"href":"https:\/\/fss.cat\/es\/wp-json\/wp\/v2\/users\/1"}],"replies":[{"embeddable":true,"href":"https:\/\/fss.cat\/es\/wp-json\/wp\/v2\/comments?post=4848"}],"version-history":[{"count":0,"href":"https:\/\/fss.cat\/es\/wp-json\/wp\/v2\/posts\/4848\/revisions"}],"wp:featuredmedia":[{"embeddable":true,"href":"https:\/\/fss.cat\/es\/wp-json\/wp\/v2\/media\/4849"}],"wp:attachment":[{"href":"https:\/\/fss.cat\/es\/wp-json\/wp\/v2\/media?parent=4848"}],"wp:term":[{"taxonomy":"category","embeddable":true,"href":"https:\/\/fss.cat\/es\/wp-json\/wp\/v2\/categories?post=4848"},{"taxonomy":"post_tag","embeddable":true,"href":"https:\/\/fss.cat\/es\/wp-json\/wp\/v2\/tags?post=4848"}],"curies":[{"name":"wp","href":"https:\/\/api.w.org\/{rel}","templated":true}]}}