{"id":4836,"date":"2018-06-04T09:44:47","date_gmt":"2018-06-04T09:44:47","guid":{"rendered":"https:\/\/resi.prova.cat\/celebracio-de-la-diada-de-la-cirera\/"},"modified":"2025-07-09T10:33:24","modified_gmt":"2025-07-09T10:33:24","slug":"celebracio-de-la-diada-de-la-cirera","status":"publish","type":"post","link":"https:\/\/fss.cat\/es\/celebracio-de-la-diada-de-la-cirera\/","title":{"rendered":"Celebraci\u00f3 de la diada de la cirera"},"content":{"rendered":"<div>El passat 1 de juny la Fundaci\u00f3 va acollir una nova celebraci\u00f3 de la diada de la cirera organitzada\u00a0<span id=\"m_2631243994687214976m_-6172975212319354130:3b3.13\">conjuntament<\/span>\u00a0amb l&#8217;Associaci\u00f3 Jard\u00ed Santa Susanna.<\/div>\n<div><\/div>\n<div>Al mat\u00ed va ser el torn de la Coral del Centre que va aportar la m\u00fasica i lectura de poemes. A la tarda, la poesia va continuar a c\u00e0rrec d&#8217;alumnes de l&#8217;Escola Pia, i tot seguit, els pagesos calderins van fer una tert\u00falia dedicada a les hist\u00f2ries de cireres. I per finalitzar la diada, com no podia ser d&#8217;altra manera, un tast d&#8217;aquest fruit calder\u00ed.<\/div>\n<div><\/div>\n<div>Moltes gr\u00e0cies a totes les persones que han participat en la celebraci\u00f3 i han fet possible aquesta diada!<\/div>\n<div><\/div>\n<div><a href=\"https:\/\/fss.cat\/wp-content\/uploads\/2025\/07\/540.jpg\"><img fetchpriority=\"high\" decoding=\"async\" class=\"aligncenter size-large wp-image-1135\" src=\"https:\/\/fss.cat\/wp-content\/uploads\/2025\/07\/540-1024x578.jpg\" alt=\"\" width=\"710\" height=\"401\" \/><\/a><\/div>\n","protected":false},"excerpt":{"rendered":"<p>El passat 1 de juny la Fundaci\u00f3 va acollir una nova celebraci\u00f3 de la diada de la cirera organitzada\u00a0conjuntament\u00a0amb l&#8217;Associaci\u00f3 Jard\u00ed Santa Susanna. Al mat\u00ed va ser el torn de la Coral del Centre que va aportar la m\u00fasica i lectura de poemes. A la tarda, la poesia va continuar a c\u00e0rrec d&#8217;alumnes de l&#8217;Escola [&hellip;]<\/p>\n","protected":false},"author":1,"featured_media":4839,"comment_status":"closed","ping_status":"closed","sticky":false,"template":"","format":"standard","meta":{"_acf_changed":false,"footnotes":""},"categories":[],"tags":[],"class_list":["post-4836","post","type-post","status-publish","format-standard","has-post-thumbnail","hentry"],"acf":[],"_links":{"self":[{"href":"https:\/\/fss.cat\/es\/wp-json\/wp\/v2\/posts\/4836","targetHints":{"allow":["GET"]}}],"collection":[{"href":"https:\/\/fss.cat\/es\/wp-json\/wp\/v2\/posts"}],"about":[{"href":"https:\/\/fss.cat\/es\/wp-json\/wp\/v2\/types\/post"}],"author":[{"embeddable":true,"href":"https:\/\/fss.cat\/es\/wp-json\/wp\/v2\/users\/1"}],"replies":[{"embeddable":true,"href":"https:\/\/fss.cat\/es\/wp-json\/wp\/v2\/comments?post=4836"}],"version-history":[{"count":0,"href":"https:\/\/fss.cat\/es\/wp-json\/wp\/v2\/posts\/4836\/revisions"}],"wp:featuredmedia":[{"embeddable":true,"href":"https:\/\/fss.cat\/es\/wp-json\/wp\/v2\/media\/4839"}],"wp:attachment":[{"href":"https:\/\/fss.cat\/es\/wp-json\/wp\/v2\/media?parent=4836"}],"wp:term":[{"taxonomy":"category","embeddable":true,"href":"https:\/\/fss.cat\/es\/wp-json\/wp\/v2\/categories?post=4836"},{"taxonomy":"post_tag","embeddable":true,"href":"https:\/\/fss.cat\/es\/wp-json\/wp\/v2\/tags?post=4836"}],"curies":[{"name":"wp","href":"https:\/\/api.w.org\/{rel}","templated":true}]}}