{"id":4835,"date":"2018-06-05T09:43:49","date_gmt":"2018-06-05T09:43:49","guid":{"rendered":"https:\/\/resi.prova.cat\/endavant-amb-la-qualitat\/"},"modified":"2018-06-05T09:43:49","modified_gmt":"2018-06-05T09:43:49","slug":"endavant-amb-la-qualitat","status":"publish","type":"post","link":"https:\/\/fss.cat\/es\/endavant-amb-la-qualitat\/","title":{"rendered":"Endavant amb la qualitat"},"content":{"rendered":"<p>La Fundaci\u00f3 segueix, amb \u00e8xit, implantant un sistema de gesti\u00f3 de qualitat. Els\u00a0<strong>Serveis Funeraris Santa Susanna<\/strong>\u00a0han aprovat l&#8217;auditoria de qualitat d&#8217;acord amb la norma\u00a0<span id=\"m_2631243994687214976m_-6172975212319354130:3b3.8\">ISO<\/span>\u00a09001:2015. I els\u00a0<strong>Serveis d\u2019atenci\u00f3 domicili\u00e0ria (<span id=\"m_2631243994687214976m_-6172975212319354130:3b3.9\">SAD<\/span>)<\/strong>, que van aconseguir el distintiu l&#8217;any passat, han aprovat enguany la revisi\u00f3 de seguiment.<\/p>\n<p>Actualment, s&#8217;est\u00e0 treballant per acreditar els\u00a0<strong>serveis\u00a0<span id=\"m_2631243994687214976m_-6172975212319354130:3b3.10\">sociosanitaris<\/span><\/strong>, continuant aix\u00ed amb l&#8217;aplicaci\u00f3 de la Pol\u00edtica de Qualitat del centre aprovada per la Junta a finals del 2016. Amb aquest document, la direcci\u00f3 es va comprometre a impulsar i mantenir aquest objectiu de la instituci\u00f3 per tal d&#8217;oferir un servei de qualitat i de bon tracte, tenir la m\u00e0xima efici\u00e8ncia i equitat en els processos optimitzant els recursos i aconseguir una continu\u00eftat en la qualitat de l&#8217;atenci\u00f3.<\/p>\n","protected":false},"excerpt":{"rendered":"<p>La Fundaci\u00f3 segueix, amb \u00e8xit, implantant un sistema de gesti\u00f3 de qualitat. Els\u00a0Serveis Funeraris Santa Susanna\u00a0han aprovat l&#8217;auditoria de qualitat d&#8217;acord amb la norma\u00a0ISO\u00a09001:2015. I els\u00a0Serveis d\u2019atenci\u00f3 domicili\u00e0ria (SAD), que van aconseguir el distintiu l&#8217;any passat, han aprovat enguany la revisi\u00f3 de seguiment. Actualment, s&#8217;est\u00e0 treballant per acreditar els\u00a0serveis\u00a0sociosanitaris, continuant aix\u00ed amb l&#8217;aplicaci\u00f3 de la [&hellip;]<\/p>\n","protected":false},"author":1,"featured_media":4731,"comment_status":"closed","ping_status":"closed","sticky":false,"template":"","format":"standard","meta":{"_acf_changed":false,"footnotes":""},"categories":[],"tags":[],"class_list":["post-4835","post","type-post","status-publish","format-standard","has-post-thumbnail","hentry"],"acf":[],"_links":{"self":[{"href":"https:\/\/fss.cat\/es\/wp-json\/wp\/v2\/posts\/4835","targetHints":{"allow":["GET"]}}],"collection":[{"href":"https:\/\/fss.cat\/es\/wp-json\/wp\/v2\/posts"}],"about":[{"href":"https:\/\/fss.cat\/es\/wp-json\/wp\/v2\/types\/post"}],"author":[{"embeddable":true,"href":"https:\/\/fss.cat\/es\/wp-json\/wp\/v2\/users\/1"}],"replies":[{"embeddable":true,"href":"https:\/\/fss.cat\/es\/wp-json\/wp\/v2\/comments?post=4835"}],"version-history":[{"count":0,"href":"https:\/\/fss.cat\/es\/wp-json\/wp\/v2\/posts\/4835\/revisions"}],"wp:featuredmedia":[{"embeddable":true,"href":"https:\/\/fss.cat\/es\/wp-json\/wp\/v2\/media\/4731"}],"wp:attachment":[{"href":"https:\/\/fss.cat\/es\/wp-json\/wp\/v2\/media?parent=4835"}],"wp:term":[{"taxonomy":"category","embeddable":true,"href":"https:\/\/fss.cat\/es\/wp-json\/wp\/v2\/categories?post=4835"},{"taxonomy":"post_tag","embeddable":true,"href":"https:\/\/fss.cat\/es\/wp-json\/wp\/v2\/tags?post=4835"}],"curies":[{"name":"wp","href":"https:\/\/api.w.org\/{rel}","templated":true}]}}