{"id":4833,"date":"2018-06-06T09:42:55","date_gmt":"2018-06-06T09:42:55","guid":{"rendered":"https:\/\/resi.prova.cat\/apliquem-la-nova-politica-de-proteccio-de-dades\/"},"modified":"2018-06-06T09:42:55","modified_gmt":"2018-06-06T09:42:55","slug":"apliquem-la-nova-politica-de-proteccio-de-dades","status":"publish","type":"post","link":"https:\/\/fss.cat\/es\/apliquem-la-nova-politica-de-proteccio-de-dades\/","title":{"rendered":"Apliquem la nova pol\u00edtica de protecci\u00f3 de dades"},"content":{"rendered":"<div>Com sabeu, el\u00a0<strong>Reglament (UE) 2016\/679 del Parlament Europeu i del Consell de 27 d&#8217;abril de 2016 relatiu a la protecci\u00f3 de les persones f\u00edsiques en relaci\u00f3 al tractament de dades personals i a la lliure circulaci\u00f3 d&#8217;aquestes<\/strong>\u00a0dades \u00e9s de plena aplicaci\u00f3 des d\u2019aquest mes de maig de 2018, donant a les persones f\u00edsiques un major control sobre el tractament de les seves dades personals.<\/p>\n<p>La Fundaci\u00f3 Santa Susanna disposa de les vostres dades en tant que persones vinculades a la nostra entitat o b\u00e9 com a usuaris puntuals perqu\u00e8 en algun moment heu fet una acci\u00f3 proactiva de subscripci\u00f3 al nostre butllet\u00ed electr\u00f2nic, ja sigui en alguna de les nostres activitats o directament a trav\u00e9s de la nostra p\u00e0gina web.<\/p><\/div>\n<div><\/div>\n<div>Les vostres dades nom\u00e9s seran tractades amb la finalitat que pugueu seguir rebent el nostre butllet\u00ed i pugueu mantenir-vos informats dels projectes i activitats que desenvolupem des de la Fundaci\u00f3. Igualment, us informem que tractarem les vostres dades \u00fanica i exclusivament amb aquesta finalitat i en cap cas seran transferides a terceres persones, a no ser que n\u2019existeixi una obligaci\u00f3 legal.<\/p>\n<p>Dit aix\u00f2, \u00e9s important saber que podeu exercir els drets d\u2019acc\u00e9s, rectificaci\u00f3, cancel\u00b7laci\u00f3, oposici\u00f3, supressi\u00f3, limitaci\u00f3 del tractament, portabilitat i dret a no ser objecte de decisions individualitzades, adre\u00e7ant-vos per escrit a la Fundaci\u00f3 Santa Susanna, situada al c. Font i Boet 16, 08140 Caldes de Montbui i amb n\u00fam. de CIF G-58044595; o mitjan\u00e7ant correu electr\u00f2nic a la seg\u00fcent adre\u00e7a: info@fss.cat.<\/p>\n<p>Aix\u00ed mateix, en el cas que considereu que el tractament no s\u2019ajusta al marc legal actualment vigent, podeu presentar una reclamaci\u00f3 davant l\u2019autoritat de control competent, l\u2019Ag\u00e8ncia Espanyola de Protecci\u00f3 de Dades.<\/p><\/div>\n<div><\/div>\n<div>Moltes gr\u00e0cies per la vostra atenci\u00f3 i esperem seguir comptant amb vosaltres!<\/div>\n","protected":false},"excerpt":{"rendered":"<p>Com sabeu, el\u00a0Reglament (UE) 2016\/679 del Parlament Europeu i del Consell de 27 d&#8217;abril de 2016 relatiu a la protecci\u00f3 de les persones f\u00edsiques en relaci\u00f3 al tractament de dades personals i a la lliure circulaci\u00f3 d&#8217;aquestes\u00a0dades \u00e9s de plena aplicaci\u00f3 des d\u2019aquest mes de maig de 2018, donant a les persones f\u00edsiques un major [&hellip;]<\/p>\n","protected":false},"author":1,"featured_media":4834,"comment_status":"closed","ping_status":"closed","sticky":false,"template":"","format":"standard","meta":{"_acf_changed":false,"footnotes":""},"categories":[],"tags":[],"class_list":["post-4833","post","type-post","status-publish","format-standard","has-post-thumbnail","hentry"],"acf":[],"_links":{"self":[{"href":"https:\/\/fss.cat\/es\/wp-json\/wp\/v2\/posts\/4833","targetHints":{"allow":["GET"]}}],"collection":[{"href":"https:\/\/fss.cat\/es\/wp-json\/wp\/v2\/posts"}],"about":[{"href":"https:\/\/fss.cat\/es\/wp-json\/wp\/v2\/types\/post"}],"author":[{"embeddable":true,"href":"https:\/\/fss.cat\/es\/wp-json\/wp\/v2\/users\/1"}],"replies":[{"embeddable":true,"href":"https:\/\/fss.cat\/es\/wp-json\/wp\/v2\/comments?post=4833"}],"version-history":[{"count":0,"href":"https:\/\/fss.cat\/es\/wp-json\/wp\/v2\/posts\/4833\/revisions"}],"wp:featuredmedia":[{"embeddable":true,"href":"https:\/\/fss.cat\/es\/wp-json\/wp\/v2\/media\/4834"}],"wp:attachment":[{"href":"https:\/\/fss.cat\/es\/wp-json\/wp\/v2\/media?parent=4833"}],"wp:term":[{"taxonomy":"category","embeddable":true,"href":"https:\/\/fss.cat\/es\/wp-json\/wp\/v2\/categories?post=4833"},{"taxonomy":"post_tag","embeddable":true,"href":"https:\/\/fss.cat\/es\/wp-json\/wp\/v2\/tags?post=4833"}],"curies":[{"name":"wp","href":"https:\/\/api.w.org\/{rel}","templated":true}]}}