{"id":4825,"date":"2018-06-14T09:38:44","date_gmt":"2018-06-14T09:38:44","guid":{"rendered":"https:\/\/resi.prova.cat\/debat-per-a-un-envelliment-socialment-productiu\/"},"modified":"2025-07-09T10:33:14","modified_gmt":"2025-07-09T10:33:14","slug":"debat-per-a-un-envelliment-socialment-productiu","status":"publish","type":"post","link":"https:\/\/fss.cat\/es\/debat-per-a-un-envelliment-socialment-productiu\/","title":{"rendered":"Debat per a un envelliment socialment productiu"},"content":{"rendered":"<div>La Fundaci\u00f3 ha estat present al debat dedicada a l&#8217;evelliment socialment productiu, un acte organitzat pel\u00a0Consell Catal\u00e0 del Moviment Europeu, FATEC i el Grup d\u2019Opini\u00f3 GENT GRAN, el passat 7 de juny al\u00a0\u00a0Palau Macaya de Barcelona.<\/div>\n<div><\/div>\n<div>\n<div>La taula del debat va comptar amb les intervencions de la\u00a0Sra. Assumpci\u00f3 Ros (Fundaci\u00f3 Santa Susanna i FEATE), el\u00a0Sr. Llu\u00eds Inglada (Territori i Sector P\u00fablic del Institut Cerd\u00e0), la\u00a0Sra. Neus Pociello (Fundaci\u00f3 AROA) i el\u00a0Sr. Jaume Jan\u00e9 (grup d\u2019Opini\u00f3 Gent Gran i FATEC).<\/div>\n<\/div>\n<div><a href=\"https:\/\/fss.cat\/wp-content\/uploads\/2025\/07\/IMG_20180613_104155.jpg\"><img fetchpriority=\"high\" decoding=\"async\" class=\"aligncenter size-large wp-image-1121\" src=\"https:\/\/fss.cat\/wp-content\/uploads\/2025\/07\/IMG_20180613_104155-1024x576.jpg\" alt=\"\" width=\"710\" height=\"399\" \/><\/a><\/div>\n<div><\/div>\n<div>Davant del canvi demogr\u00e0fic que est\u00e0 vivint Europa, es va posar en evid\u00e8ncia la necessitat del canvi de paradigma per veure l&#8217;envelliment com una oportunitat i no com un problema. L&#8217;envelliment \u00e9s un proc\u00e9s actiu i moltes persones grans aix\u00ed ho viuen, dedicant el seu temps i coneixement tenint cura d&#8217;algun familiar, fent voluntariat o treballant a temps complert o parcial.<\/div>\n<div><\/div>\n<div>El Grup\u00a0d\u2019Opini\u00f3 Gent Gran i FATEC van presentar un document amb demandes a les cambres legislatives per tal que promoguin iniciatives parlament\u00e0ries i aix\u00ed disposar de normatives legals que permetin instar als governs a promoure pol\u00edtiques per donar compliment a les peticions.<\/div>\n<div><a href=\"http:\/\/www.fss.cat\/wp-content\/uploads\/2019\/01\/Per-un-envelliment-actiu-saludable-i-socialment-productiu-2018-06.pdf\">Per un envelliment actiu, saludable i socialment productiu 2018 06<\/a><\/div>\n","protected":false},"excerpt":{"rendered":"<p>La Fundaci\u00f3 ha estat present al debat dedicada a l&#8217;evelliment socialment productiu, un acte organitzat pel\u00a0Consell Catal\u00e0 del Moviment Europeu, FATEC i el Grup d\u2019Opini\u00f3 GENT GRAN, el passat 7 de juny al\u00a0\u00a0Palau Macaya de Barcelona. La taula del debat va comptar amb les intervencions de la\u00a0Sra. Assumpci\u00f3 Ros (Fundaci\u00f3 Santa Susanna i FEATE), el\u00a0Sr. [&hellip;]<\/p>\n","protected":false},"author":1,"featured_media":4828,"comment_status":"closed","ping_status":"closed","sticky":false,"template":"","format":"standard","meta":{"_acf_changed":false,"footnotes":""},"categories":[],"tags":[],"class_list":["post-4825","post","type-post","status-publish","format-standard","has-post-thumbnail","hentry"],"acf":[],"_links":{"self":[{"href":"https:\/\/fss.cat\/es\/wp-json\/wp\/v2\/posts\/4825","targetHints":{"allow":["GET"]}}],"collection":[{"href":"https:\/\/fss.cat\/es\/wp-json\/wp\/v2\/posts"}],"about":[{"href":"https:\/\/fss.cat\/es\/wp-json\/wp\/v2\/types\/post"}],"author":[{"embeddable":true,"href":"https:\/\/fss.cat\/es\/wp-json\/wp\/v2\/users\/1"}],"replies":[{"embeddable":true,"href":"https:\/\/fss.cat\/es\/wp-json\/wp\/v2\/comments?post=4825"}],"version-history":[{"count":0,"href":"https:\/\/fss.cat\/es\/wp-json\/wp\/v2\/posts\/4825\/revisions"}],"wp:featuredmedia":[{"embeddable":true,"href":"https:\/\/fss.cat\/es\/wp-json\/wp\/v2\/media\/4828"}],"wp:attachment":[{"href":"https:\/\/fss.cat\/es\/wp-json\/wp\/v2\/media?parent=4825"}],"wp:term":[{"taxonomy":"category","embeddable":true,"href":"https:\/\/fss.cat\/es\/wp-json\/wp\/v2\/categories?post=4825"},{"taxonomy":"post_tag","embeddable":true,"href":"https:\/\/fss.cat\/es\/wp-json\/wp\/v2\/tags?post=4825"}],"curies":[{"name":"wp","href":"https:\/\/api.w.org\/{rel}","templated":true}]}}