{"id":4813,"date":"2018-07-09T09:33:31","date_gmt":"2018-07-09T09:33:31","guid":{"rendered":"https:\/\/resi.prova.cat\/celebrat-el-1r-concurs-de-posters-santa-susanna\/"},"modified":"2025-07-09T10:33:02","modified_gmt":"2025-07-09T10:33:02","slug":"celebrat-el-1r-concurs-de-posters-santa-susanna","status":"publish","type":"post","link":"https:\/\/fss.cat\/es\/celebrat-el-1r-concurs-de-posters-santa-susanna\/","title":{"rendered":"Celebrat el 1r concurs de p\u00f2sters Santa Susanna"},"content":{"rendered":"<div>La Fundaci\u00f3 ha celebrat un concurs de p\u00f2sters adre\u00e7at als treballadors de l&#8217;entitat, aquesta primera edici\u00f3 dedicada a la higiene de mans.<\/div>\n<div>S&#8217;han presentat 7 treballs a c\u00e0rrecs d&#8217;equips de treball del centre i s&#8217;han otorgat dos premis:<\/div>\n<div><\/div>\n<div><strong>Premi Jurat<\/strong><\/div>\n<div>\n<div>El p\u00f2ster guanyador del premi jurat ha estat el presentat per l&#8217;equip de la planta 4 format per: Meritxell Aguilera, M. Rosa Campmany, Felisa Cansado, Noelia Casenare, Silvana Espin, Conxita Mart\u00ednez, Esther Moreno i Jesica Mu\u00f1oz.<\/div>\n<div>El jurat, format per la Sra. Anna Mollev\u00ed (coordinadora del CFGM T\u00e8cnic\/a Cures Auxiliars d\u2019infermeria de l\u2019Escola Pia Caldes), la Sra. N\u00faria Salamero (gestora de casos del Baix Vall\u00e8s) i el Sr. Pep Gaspar (dissenyador gr\u00e0fic d\u2019AT Comunicaci\u00f3), n&#8217;ha valorat el contingut, el disseny i la implicaci\u00f3 de professionals de diferents categories.<\/div>\n<\/div>\n<div>El p\u00f2ster guanyador es distribuir\u00e0 a totes les plantes del centre i, a m\u00e9s a am\u00e9s, l&#8217;equip participant gaudir\u00e0 d&#8217;un dinar en grup al Punt de trobada i escollir\u00e0 la grua per a la seva planta.<\/div>\n<div>\u00a0<a href=\"https:\/\/fss.cat\/wp-content\/uploads\/2025\/07\/DSCF8781-scaled.jpg\"><img fetchpriority=\"high\" decoding=\"async\" class=\"aligncenter size-large wp-image-1112\" src=\"https:\/\/fss.cat\/wp-content\/uploads\/2025\/07\/DSCF8781-scaled.jpg\" alt=\"\" width=\"710\" height=\"533\" \/><\/a><\/div>\n<div><\/div>\n<div><strong>Premi popular<\/strong><\/div>\n<div>El p\u00f2ster guanyador del premi popular ha estat escollit entre els treballadors\/es i l&#8217;ha obtingut, amb el 33% dels vots, l&#8217;equip de la planta 3 format per les treballadores: Paquita Campos, Loli V\u00e1zquez, Berta Belmonte, Beatriz Gordillo, Bego\u00f1a Garc\u00eda, Carme Mujal, Annabel Rueda i Merc\u00e8 Ferrer.<\/div>\n<div><\/div>\n<div>\n<div><a href=\"https:\/\/fss.cat\/wp-content\/uploads\/2025\/07\/DSCF8780-scaled.jpg\"><img decoding=\"async\" class=\"aligncenter size-large wp-image-1113\" src=\"https:\/\/fss.cat\/wp-content\/uploads\/2025\/07\/DSCF8780-scaled.jpg\" alt=\"\" width=\"710\" height=\"533\" \/><\/a><\/div>\n<div><\/div>\n<div>Aquesta inciativa tindr\u00e0 continu\u00eftat i el pr\u00f2xim concurs estar\u00e0 dedicat a un altre tema d&#8217;inter\u00e8s en la tasca di\u00e0ria dels professionals.<\/div>\n<div>Agra\u00efm la dedicaci\u00f3 del jurat i la participaci\u00f3 dels treballadors, i felicitem als guanyadors!<\/div>\n<\/div>\n","protected":false},"excerpt":{"rendered":"<p>La Fundaci\u00f3 ha celebrat un concurs de p\u00f2sters adre\u00e7at als treballadors de l&#8217;entitat, aquesta primera edici\u00f3 dedicada a la higiene de mans. S&#8217;han presentat 7 treballs a c\u00e0rrecs d&#8217;equips de treball del centre i s&#8217;han otorgat dos premis: Premi Jurat El p\u00f2ster guanyador del premi jurat ha estat el presentat per l&#8217;equip de la planta [&hellip;]<\/p>\n","protected":false},"author":1,"featured_media":4817,"comment_status":"closed","ping_status":"closed","sticky":false,"template":"","format":"standard","meta":{"_acf_changed":false,"footnotes":""},"categories":[],"tags":[],"class_list":["post-4813","post","type-post","status-publish","format-standard","has-post-thumbnail","hentry"],"acf":[],"_links":{"self":[{"href":"https:\/\/fss.cat\/es\/wp-json\/wp\/v2\/posts\/4813","targetHints":{"allow":["GET"]}}],"collection":[{"href":"https:\/\/fss.cat\/es\/wp-json\/wp\/v2\/posts"}],"about":[{"href":"https:\/\/fss.cat\/es\/wp-json\/wp\/v2\/types\/post"}],"author":[{"embeddable":true,"href":"https:\/\/fss.cat\/es\/wp-json\/wp\/v2\/users\/1"}],"replies":[{"embeddable":true,"href":"https:\/\/fss.cat\/es\/wp-json\/wp\/v2\/comments?post=4813"}],"version-history":[{"count":0,"href":"https:\/\/fss.cat\/es\/wp-json\/wp\/v2\/posts\/4813\/revisions"}],"wp:featuredmedia":[{"embeddable":true,"href":"https:\/\/fss.cat\/es\/wp-json\/wp\/v2\/media\/4817"}],"wp:attachment":[{"href":"https:\/\/fss.cat\/es\/wp-json\/wp\/v2\/media?parent=4813"}],"wp:term":[{"taxonomy":"category","embeddable":true,"href":"https:\/\/fss.cat\/es\/wp-json\/wp\/v2\/categories?post=4813"},{"taxonomy":"post_tag","embeddable":true,"href":"https:\/\/fss.cat\/es\/wp-json\/wp\/v2\/tags?post=4813"}],"curies":[{"name":"wp","href":"https:\/\/api.w.org\/{rel}","templated":true}]}}