{"id":4807,"date":"2018-07-12T09:30:37","date_gmt":"2018-07-12T09:30:37","guid":{"rendered":"https:\/\/resi.prova.cat\/serveis-funeraris-de-qualitat\/"},"modified":"2025-07-09T10:32:50","modified_gmt":"2025-07-09T10:32:50","slug":"serveis-funeraris-de-qualitat","status":"publish","type":"post","link":"https:\/\/fss.cat\/es\/serveis-funeraris-de-qualitat\/","title":{"rendered":"Serveis Funeraris de Qualitat"},"content":{"rendered":"<p style=\"font-weight: 400;\">El dijous 12 de juliol l\u2019empresa d\u2019auditories T\u00dcV Rheinland ha entregat els certificats de qualitat que acrediten que els Serveis Funeraris Santa Susanna compleixen amb la norma ISO 9001:2005.<\/p>\n<p>La Fundaci\u00f3 Santa Susanna pren un comprom\u00eds ferm cap a la\u00a0<strong>Qualitat i la Millora cont\u00ednua<\/strong>. Els Serveis Funeraris se sumen als Serveis d\u2019Atenci\u00f3 Domicili\u00e0ria (que van obtenir el certificat l\u2019any passat) i ara s\u2019est\u00e0 treballant per poder obtenir l&#8217;acreditaci\u00f3 dels recursos sociosanitaris.<\/p>\n<p style=\"font-weight: 400;\"><a href=\"https:\/\/fss.cat\/wp-content\/uploads\/2025\/07\/qualitat-serveis-funeraris-santa-susanna-2.jpg\"><img fetchpriority=\"high\" decoding=\"async\" class=\"aligncenter wp-image-1107 size-medium\" src=\"https:\/\/fss.cat\/wp-content\/uploads\/2025\/07\/qualitat-serveis-funeraris-santa-susanna-2-300x225.jpg\" alt=\"\" width=\"300\" height=\"225\" \/><\/a><br \/>\n<strong>Els\u00a0Serveis\u00a0Funeraris Santa Susanna<br \/>\n<\/strong><br \/>\nL\u2019any 1953 la Fundaci\u00f3 Santa Susanna ja prestava\u00a0serveis\u00a0funeraris a Caldes de Montbui i, el 6 de juny de 2016, va reprendre aquesta activitat\u00a0<strong>complementant l&#8217;atenci\u00f3<\/strong>\u00a0que s&#8217;est\u00e0 desenvolupant a la instituci\u00f3\u00a0<strong>acompanyant a les persones<\/strong>\u00a0i amb la voluntat d&#8217;ajudar a prendre decisions en els moments dif\u00edcils.<\/p>\n<p>El maig del 2017 van ser premiats per La Confederaci\u00f3 amb el segon\u00a0premi\u00a0de la categoria \u00abtransformaci\u00f3 social\u00bb per tractar-se de\u00a0<strong>l&#8217;\u00fanica instituci\u00f3 no lucrativa que presta\u00a0serveis\u00a0funeraris a Catalunya<\/strong>, posant en valor el retorn social que generen les organitzacions del Tercer Sector Social.<\/p>\n<p>En aquests dos any de funcionament del servei s&#8217;han at\u00e8s a\u00a0<strong>289 fam\u00edlies<\/strong>, de les quals el 65% han realitzat el servei de forma privada i el 35% mitjan\u00e7ant una companyia asseguradora. En total, al llarg dels 2 anys de funcionament, 477 fam\u00edlies han utilitzat la sala de vetlles de la Fundaci\u00f3.<\/p>\n<p>M\u00e9s informaci\u00f3:\u00a0<a href=\"http:\/\/serveisfunerarisstasusanna.cat\/\">http:\/\/serveisfunerarisstasusanna.cat\/<\/a><\/p>\n<p><a href=\"https:\/\/fss.cat\/wp-content\/uploads\/2025\/07\/SANTA_SUSANNA_FUNERARIS_POSITIU.png\"><img decoding=\"async\" class=\"aligncenter size-medium wp-image-838\" src=\"https:\/\/fss.cat\/wp-content\/uploads\/2025\/07\/SANTA_SUSANNA_FUNERARIS_POSITIU-300x167.png\" alt=\"\" width=\"300\" height=\"167\" \/><\/a><\/p>\n","protected":false},"excerpt":{"rendered":"<p>El dijous 12 de juliol l\u2019empresa d\u2019auditories T\u00dcV Rheinland ha entregat els certificats de qualitat que acrediten que els Serveis Funeraris Santa Susanna compleixen amb la norma ISO 9001:2005. La Fundaci\u00f3 Santa Susanna pren un comprom\u00eds ferm cap a la\u00a0Qualitat i la Millora cont\u00ednua. Els Serveis Funeraris se sumen als Serveis d\u2019Atenci\u00f3 Domicili\u00e0ria (que van [&hellip;]<\/p>\n","protected":false},"author":1,"featured_media":4811,"comment_status":"closed","ping_status":"closed","sticky":false,"template":"","format":"standard","meta":{"_acf_changed":false,"footnotes":""},"categories":[],"tags":[],"class_list":["post-4807","post","type-post","status-publish","format-standard","has-post-thumbnail","hentry"],"acf":[],"_links":{"self":[{"href":"https:\/\/fss.cat\/es\/wp-json\/wp\/v2\/posts\/4807","targetHints":{"allow":["GET"]}}],"collection":[{"href":"https:\/\/fss.cat\/es\/wp-json\/wp\/v2\/posts"}],"about":[{"href":"https:\/\/fss.cat\/es\/wp-json\/wp\/v2\/types\/post"}],"author":[{"embeddable":true,"href":"https:\/\/fss.cat\/es\/wp-json\/wp\/v2\/users\/1"}],"replies":[{"embeddable":true,"href":"https:\/\/fss.cat\/es\/wp-json\/wp\/v2\/comments?post=4807"}],"version-history":[{"count":0,"href":"https:\/\/fss.cat\/es\/wp-json\/wp\/v2\/posts\/4807\/revisions"}],"wp:featuredmedia":[{"embeddable":true,"href":"https:\/\/fss.cat\/es\/wp-json\/wp\/v2\/media\/4811"}],"wp:attachment":[{"href":"https:\/\/fss.cat\/es\/wp-json\/wp\/v2\/media?parent=4807"}],"wp:term":[{"taxonomy":"category","embeddable":true,"href":"https:\/\/fss.cat\/es\/wp-json\/wp\/v2\/categories?post=4807"},{"taxonomy":"post_tag","embeddable":true,"href":"https:\/\/fss.cat\/es\/wp-json\/wp\/v2\/tags?post=4807"}],"curies":[{"name":"wp","href":"https:\/\/api.w.org\/{rel}","templated":true}]}}