{"id":4803,"date":"2018-07-16T09:27:58","date_gmt":"2018-07-16T09:27:58","guid":{"rendered":"https:\/\/resi.prova.cat\/nova-entrada-i-nova-recepcio\/"},"modified":"2025-07-09T10:32:46","modified_gmt":"2025-07-09T10:32:46","slug":"nova-entrada-i-nova-recepcio","status":"publish","type":"post","link":"https:\/\/fss.cat\/es\/nova-entrada-i-nova-recepcio\/","title":{"rendered":"Nova entrada i nova recepci\u00f3"},"content":{"rendered":"<p>El divendres 13 de juliol s&#8217;ha estrenat la nova entrada a l&#8217;edifici situada al carrer Sentmenat.<\/p>\n<p>L&#8217;estrena de l&#8217;espai ha aplegat a residents, familiars i treballadors del centre, i ha coincidit amb la celebraci\u00f3 dels 100 anys de la Sra. Margarita Ontinente, qui ha rebut un homenatge de l&#8217;Ajuntament de mans dels regidors Sra. Pilar Aznar i Sr. Isidre Pineda.<br \/>\n<a href=\"https:\/\/fss.cat\/wp-content\/uploads\/2025\/07\/DSCN5928.jpg\"><img fetchpriority=\"high\" decoding=\"async\" class=\"aligncenter size-medium wp-image-1103\" src=\"https:\/\/fss.cat\/wp-content\/uploads\/2025\/07\/DSCN5928-300x268.jpg\" alt=\"\" width=\"300\" height=\"268\" \/><\/a><br \/>\nA partir d&#8217;ara, tot \u00a0i que totes les persones tenen lliure circulaci\u00f3 per tots els espais de l&#8217;edifici, \u00e9s convenient que cadasc\u00fa utilitzi l&#8217;entrada i la recepci\u00f3 que corresponen al seu recurs:<\/p>\n<div style=\"text-align: left;\"><strong>Fundaci\u00f3 Santa Susanna<\/strong><\/div>\n<div>carrer Sentmenat n\u00ba 6<\/div>\n<div>tel\u00e8fon: 93 865 49 94<\/div>\n<div>horari: de 8:00 a 20:00<\/div>\n<div>recursos: transport, manteniment, cuina i cafeteria, bugaderia, funer\u00e0ria i administraci\u00f3<strong>Fundaci\u00f3 d&#8217;Acollida Santa Susanna<\/strong><br \/>\ncarrer Sentmenat n\u00ba 6<br \/>\ntel\u00e8fon: 93 865 49 94<br \/>\nhorari: de 8:00 a 20:00<br \/>\nrecursos: resid\u00e8ncia assistida, centre de dia, serveis di\u00fcrns, atenci\u00f3 domicili\u00e0ria i casa d&#8217;acollida<\/p>\n<p><strong>Fundaci\u00f3 Sociosanit\u00e0ria\u00a0Santa Susanna<br \/>\n<\/strong>carrer Font i Boet n\u00ba 16<br \/>\ntel\u00e8fon: 93 737 78 33<br \/>\nhorari: de 8:00 a 22:00<br \/>\nrecursos: serveis d&#8217;internament, hospital de dia, PADES, consultes especialitzades i rehabilitaci\u00f3<\/p>\n<\/div>\n","protected":false},"excerpt":{"rendered":"<p>El divendres 13 de juliol s&#8217;ha estrenat la nova entrada a l&#8217;edifici situada al carrer Sentmenat. L&#8217;estrena de l&#8217;espai ha aplegat a residents, familiars i treballadors del centre, i ha coincidit amb la celebraci\u00f3 dels 100 anys de la Sra. Margarita Ontinente, qui ha rebut un homenatge de l&#8217;Ajuntament de mans dels regidors Sra. Pilar [&hellip;]<\/p>\n","protected":false},"author":1,"featured_media":4778,"comment_status":"closed","ping_status":"closed","sticky":false,"template":"","format":"standard","meta":{"_acf_changed":false,"footnotes":""},"categories":[],"tags":[],"class_list":["post-4803","post","type-post","status-publish","format-standard","has-post-thumbnail","hentry"],"acf":[],"_links":{"self":[{"href":"https:\/\/fss.cat\/es\/wp-json\/wp\/v2\/posts\/4803","targetHints":{"allow":["GET"]}}],"collection":[{"href":"https:\/\/fss.cat\/es\/wp-json\/wp\/v2\/posts"}],"about":[{"href":"https:\/\/fss.cat\/es\/wp-json\/wp\/v2\/types\/post"}],"author":[{"embeddable":true,"href":"https:\/\/fss.cat\/es\/wp-json\/wp\/v2\/users\/1"}],"replies":[{"embeddable":true,"href":"https:\/\/fss.cat\/es\/wp-json\/wp\/v2\/comments?post=4803"}],"version-history":[{"count":0,"href":"https:\/\/fss.cat\/es\/wp-json\/wp\/v2\/posts\/4803\/revisions"}],"wp:featuredmedia":[{"embeddable":true,"href":"https:\/\/fss.cat\/es\/wp-json\/wp\/v2\/media\/4778"}],"wp:attachment":[{"href":"https:\/\/fss.cat\/es\/wp-json\/wp\/v2\/media?parent=4803"}],"wp:term":[{"taxonomy":"category","embeddable":true,"href":"https:\/\/fss.cat\/es\/wp-json\/wp\/v2\/categories?post=4803"},{"taxonomy":"post_tag","embeddable":true,"href":"https:\/\/fss.cat\/es\/wp-json\/wp\/v2\/tags?post=4803"}],"curies":[{"name":"wp","href":"https:\/\/api.w.org\/{rel}","templated":true}]}}