{"id":4791,"date":"2018-08-30T09:18:40","date_gmt":"2018-08-30T09:18:40","guid":{"rendered":"https:\/\/resi.prova.cat\/fent-pinya-per-santa-susanna\/"},"modified":"2025-07-09T10:32:41","modified_gmt":"2025-07-09T10:32:41","slug":"fent-pinya-per-santa-susanna","status":"publish","type":"post","link":"https:\/\/fss.cat\/es\/fent-pinya-per-santa-susanna\/","title":{"rendered":"Fent pinya per Santa Susanna"},"content":{"rendered":"<p>Com cada 11 d&#8217;agost, la Fundaci\u00f3 s&#8217;ha vestit de festa per celebrar la diada de\u00a0la patrona de la instituci\u00f3.<\/p>\n<p>Residents, familiars, voluntaris, treballadors i calderins\/es s&#8217;han aplegat a l&#8217;esgl\u00e9sia de Santa Maria per celebrar l&#8217;eucaristia i clausurar el lema \u00abfem pinya\u00bb que\u00a0ens ha anat acompanyant al llarg de l\u2019any. En acabar la missa, els parlaments han donat veu als diferents col\u00b7lectius que formen la instituci\u00f3:<\/p>\n<p><iframe src=\"https:\/\/www.youtube.com\/embed\/8mQmEfeocLw\" width=\"560\" height=\"315\" frameborder=\"0\"><\/iframe><\/p>\n<p>Els actes han continuat al jard\u00ed on el Sr. Jordi Sol\u00e9, president del patronat, ha recordat que la missi\u00f3 de la instituci\u00f3 al llarg dels 6 segles ha estat acompanyar a les persones i que \u00e9s una entitat molt arrelada al poble. El sopar i el piscolabis han sigut un exemple de germanor, i el ball ha sigut el fi de festa d&#8217;enguany.<\/p>\n<p><a href=\"https:\/\/fss.cat\/wp-content\/uploads\/2025\/07\/santa-susanna-2018-1.jpg\"><img fetchpriority=\"high\" decoding=\"async\" class=\"aligncenter wp-image-1093 size-large\" src=\"https:\/\/fss.cat\/wp-content\/uploads\/2025\/07\/santa-susanna-2018-1.jpg\" alt=\"\" width=\"710\" height=\"476\" \/><\/a> <a href=\"https:\/\/fss.cat\/wp-content\/uploads\/2025\/07\/santa-susanna-2018-3.jpg\"><img decoding=\"async\" class=\"aligncenter wp-image-1094 size-large\" src=\"https:\/\/fss.cat\/wp-content\/uploads\/2025\/07\/santa-susanna-2018-3-1024x637.jpg\" alt=\"\" width=\"710\" height=\"442\" \/><\/a> <a href=\"https:\/\/fss.cat\/wp-content\/uploads\/2025\/07\/santa-susanna-2018-4.jpg\"><img decoding=\"async\" class=\"aligncenter wp-image-1095 size-large\" src=\"https:\/\/fss.cat\/wp-content\/uploads\/2025\/07\/santa-susanna-2018-4.jpg\" alt=\"\" width=\"710\" height=\"533\" \/><\/a><\/p>\n","protected":false},"excerpt":{"rendered":"<p>Com cada 11 d&#8217;agost, la Fundaci\u00f3 s&#8217;ha vestit de festa per celebrar la diada de\u00a0la patrona de la instituci\u00f3. Residents, familiars, voluntaris, treballadors i calderins\/es s&#8217;han aplegat a l&#8217;esgl\u00e9sia de Santa Maria per celebrar l&#8217;eucaristia i clausurar el lema \u00abfem pinya\u00bb que\u00a0ens ha anat acompanyant al llarg de l\u2019any. En acabar la missa, els parlaments [&hellip;]<\/p>\n","protected":false},"author":1,"featured_media":4796,"comment_status":"closed","ping_status":"closed","sticky":false,"template":"","format":"standard","meta":{"_acf_changed":false,"footnotes":""},"categories":[],"tags":[],"class_list":["post-4791","post","type-post","status-publish","format-standard","has-post-thumbnail","hentry"],"acf":[],"_links":{"self":[{"href":"https:\/\/fss.cat\/es\/wp-json\/wp\/v2\/posts\/4791","targetHints":{"allow":["GET"]}}],"collection":[{"href":"https:\/\/fss.cat\/es\/wp-json\/wp\/v2\/posts"}],"about":[{"href":"https:\/\/fss.cat\/es\/wp-json\/wp\/v2\/types\/post"}],"author":[{"embeddable":true,"href":"https:\/\/fss.cat\/es\/wp-json\/wp\/v2\/users\/1"}],"replies":[{"embeddable":true,"href":"https:\/\/fss.cat\/es\/wp-json\/wp\/v2\/comments?post=4791"}],"version-history":[{"count":0,"href":"https:\/\/fss.cat\/es\/wp-json\/wp\/v2\/posts\/4791\/revisions"}],"wp:featuredmedia":[{"embeddable":true,"href":"https:\/\/fss.cat\/es\/wp-json\/wp\/v2\/media\/4796"}],"wp:attachment":[{"href":"https:\/\/fss.cat\/es\/wp-json\/wp\/v2\/media?parent=4791"}],"wp:term":[{"taxonomy":"category","embeddable":true,"href":"https:\/\/fss.cat\/es\/wp-json\/wp\/v2\/categories?post=4791"},{"taxonomy":"post_tag","embeddable":true,"href":"https:\/\/fss.cat\/es\/wp-json\/wp\/v2\/tags?post=4791"}],"curies":[{"name":"wp","href":"https:\/\/api.w.org\/{rel}","templated":true}]}}