{"id":4789,"date":"2018-08-31T09:17:06","date_gmt":"2018-08-31T09:17:06","guid":{"rendered":"https:\/\/resi.prova.cat\/donatiu-de-la-fundacio-privada-obra-tutelar-agraria\/"},"modified":"2018-08-31T09:17:06","modified_gmt":"2018-08-31T09:17:06","slug":"donatiu-de-la-fundacio-privada-obra-tutelar-agraria","status":"publish","type":"post","link":"https:\/\/fss.cat\/es\/donatiu-de-la-fundacio-privada-obra-tutelar-agraria\/","title":{"rendered":"Donatiu de la Fundaci\u00f3 Privada Obra Tutelar Agr\u00e0ria"},"content":{"rendered":"<p>La setmana passada la Fundaci\u00f3 Privada Obra Tutelar Agr\u00e0ria ens va visitar i regalar 100 kg de tom\u00e0quets que l&#8217;equip de cuina va ben aprofitar i que els residents van poder gaudir.<br \/>\nEls agra\u00efm aquest gest de col\u00b7laboraci\u00f3 que enforteix el tercer sector.<\/p>\n<p><strong>La Fundaci\u00f3 Privada Obra Tutelar Agr\u00e0ria<br \/>\n<\/strong><a href=\"https:\/\/www.facebook.com\/Fundaci%C3%B3-Privada-Obra-Tutelar-Agr%C3%A0ria-1610130462603606\/\" target=\"_blank\" rel=\"noopener\" data-cke-saved-href=\"https:\/\/www.facebook.com\/Fundaci%C3%B3-Privada-Obra-Tutelar-Agr%C3%A0ria-1610130462603606\/\">Coneixeu l&#8217;entitat<\/a>? Va ser fundada el 1928 i t\u00e9 un centre a Lli\u00e7\u00e0 de Vall i un a Lleida. Es dedica a l&#8217;acollida de menors vetllant per la seva tutela buscant o intentant relacionar-los amb la vida al camp i amb les produccions agr\u00e0ries. Els desitgem encerts en la seva missi\u00f3!<\/p>\n","protected":false},"excerpt":{"rendered":"<p>La setmana passada la Fundaci\u00f3 Privada Obra Tutelar Agr\u00e0ria ens va visitar i regalar 100 kg de tom\u00e0quets que l&#8217;equip de cuina va ben aprofitar i que els residents van poder gaudir. Els agra\u00efm aquest gest de col\u00b7laboraci\u00f3 que enforteix el tercer sector. La Fundaci\u00f3 Privada Obra Tutelar Agr\u00e0ria Coneixeu l&#8217;entitat? Va ser fundada el [&hellip;]<\/p>\n","protected":false},"author":1,"featured_media":4790,"comment_status":"closed","ping_status":"closed","sticky":false,"template":"","format":"standard","meta":{"_acf_changed":false,"footnotes":""},"categories":[],"tags":[],"class_list":["post-4789","post","type-post","status-publish","format-standard","has-post-thumbnail","hentry"],"acf":[],"_links":{"self":[{"href":"https:\/\/fss.cat\/es\/wp-json\/wp\/v2\/posts\/4789","targetHints":{"allow":["GET"]}}],"collection":[{"href":"https:\/\/fss.cat\/es\/wp-json\/wp\/v2\/posts"}],"about":[{"href":"https:\/\/fss.cat\/es\/wp-json\/wp\/v2\/types\/post"}],"author":[{"embeddable":true,"href":"https:\/\/fss.cat\/es\/wp-json\/wp\/v2\/users\/1"}],"replies":[{"embeddable":true,"href":"https:\/\/fss.cat\/es\/wp-json\/wp\/v2\/comments?post=4789"}],"version-history":[{"count":0,"href":"https:\/\/fss.cat\/es\/wp-json\/wp\/v2\/posts\/4789\/revisions"}],"wp:featuredmedia":[{"embeddable":true,"href":"https:\/\/fss.cat\/es\/wp-json\/wp\/v2\/media\/4790"}],"wp:attachment":[{"href":"https:\/\/fss.cat\/es\/wp-json\/wp\/v2\/media?parent=4789"}],"wp:term":[{"taxonomy":"category","embeddable":true,"href":"https:\/\/fss.cat\/es\/wp-json\/wp\/v2\/categories?post=4789"},{"taxonomy":"post_tag","embeddable":true,"href":"https:\/\/fss.cat\/es\/wp-json\/wp\/v2\/tags?post=4789"}],"curies":[{"name":"wp","href":"https:\/\/api.w.org\/{rel}","templated":true}]}}