{"id":4787,"date":"2018-09-13T09:16:08","date_gmt":"2018-09-13T09:16:08","guid":{"rendered":"https:\/\/resi.prova.cat\/particpacio-a-la-diada-nacional-de-catalunya\/"},"modified":"2018-09-13T09:16:08","modified_gmt":"2018-09-13T09:16:08","slug":"particpacio-a-la-diada-nacional-de-catalunya","status":"publish","type":"post","link":"https:\/\/fss.cat\/es\/particpacio-a-la-diada-nacional-de-catalunya\/","title":{"rendered":"Particpaci\u00f3 a la Diada Nacional de Catalunya"},"content":{"rendered":"<p>La Junta de la Fundaci\u00f3 Santa Susanna ha realitzat una ofrena floral a la pla\u00e7a Onze de setembre juntament amb altres entitats calderines en motiu de la celebraci\u00f3 de la Diada Nacional de Catalunya.<\/p>\n<p>Fotografia: Ajuntament de Caldes de Montbui<\/p>\n","protected":false},"excerpt":{"rendered":"<p>La Junta de la Fundaci\u00f3 Santa Susanna ha realitzat una ofrena floral a la pla\u00e7a Onze de setembre juntament amb altres entitats calderines en motiu de la celebraci\u00f3 de la Diada Nacional de Catalunya. Fotografia: Ajuntament de Caldes de Montbui<\/p>\n","protected":false},"author":1,"featured_media":4788,"comment_status":"closed","ping_status":"closed","sticky":false,"template":"","format":"standard","meta":{"_acf_changed":false,"footnotes":""},"categories":[],"tags":[],"class_list":["post-4787","post","type-post","status-publish","format-standard","has-post-thumbnail","hentry"],"acf":[],"_links":{"self":[{"href":"https:\/\/fss.cat\/es\/wp-json\/wp\/v2\/posts\/4787","targetHints":{"allow":["GET"]}}],"collection":[{"href":"https:\/\/fss.cat\/es\/wp-json\/wp\/v2\/posts"}],"about":[{"href":"https:\/\/fss.cat\/es\/wp-json\/wp\/v2\/types\/post"}],"author":[{"embeddable":true,"href":"https:\/\/fss.cat\/es\/wp-json\/wp\/v2\/users\/1"}],"replies":[{"embeddable":true,"href":"https:\/\/fss.cat\/es\/wp-json\/wp\/v2\/comments?post=4787"}],"version-history":[{"count":0,"href":"https:\/\/fss.cat\/es\/wp-json\/wp\/v2\/posts\/4787\/revisions"}],"wp:featuredmedia":[{"embeddable":true,"href":"https:\/\/fss.cat\/es\/wp-json\/wp\/v2\/media\/4788"}],"wp:attachment":[{"href":"https:\/\/fss.cat\/es\/wp-json\/wp\/v2\/media?parent=4787"}],"wp:term":[{"taxonomy":"category","embeddable":true,"href":"https:\/\/fss.cat\/es\/wp-json\/wp\/v2\/categories?post=4787"},{"taxonomy":"post_tag","embeddable":true,"href":"https:\/\/fss.cat\/es\/wp-json\/wp\/v2\/tags?post=4787"}],"curies":[{"name":"wp","href":"https:\/\/api.w.org\/{rel}","templated":true}]}}