{"id":4781,"date":"2018-09-29T09:15:55","date_gmt":"2018-09-29T09:15:55","guid":{"rendered":"https:\/\/resi.prova.cat\/segona-caminada-per-lalzheimer-de-caldes-de-montbui\/"},"modified":"2025-07-09T10:32:31","modified_gmt":"2025-07-09T10:32:31","slug":"segona-caminada-per-lalzheimer-de-caldes-de-montbui","status":"publish","type":"post","link":"https:\/\/fss.cat\/es\/segona-caminada-per-lalzheimer-de-caldes-de-montbui\/","title":{"rendered":"Segona caminada per l&#8217;Alzheimer de Caldes de Montbui"},"content":{"rendered":"<p dir=\"ltr\">La Fundaci\u00f3 Santa Susanna ha celebrat un any m\u00e9s el Dia Mundial de l&#8217;Alzheimer amb la 2a caminada el mat\u00ed del dissabte 29 de setembre.<br \/>\nEl grup, format per m\u00e9s de cinquanta persones de totes les edats, ha caminat fins a la Font del Dimoni gaudint de l&#8217;entorn i ha realitzat activitats per prendre consci\u00e8ncia de la import\u00e0ncia de l&#8217;estil de vida en la prevenci\u00f3 de l&#8217;aparici\u00f3 de la dem\u00e8ncia.<\/p>\n<p>L\u2019activitat s\u2019emmarca dins del Programa d\u2019atenci\u00f3 a la mem\u00f2ria de la instituci\u00f3, el qual contempla actuacions de prevenci\u00f3, de detecci\u00f3 i atenci\u00f3 a les situacions de vulnerabilitat.<br \/>\nEn la inscripci\u00f3, els participants han fet un donatiu de 2 \u20ac que anir\u00e0 destinat a la compra de material per al Programa d\u2019atenci\u00f3 a la mem\u00f2ria.<\/p>\n<p dir=\"ltr\"><a href=\"https:\/\/fss.cat\/wp-content\/uploads\/2025\/07\/alzheimer-2018-3.jpg\"><img fetchpriority=\"high\" decoding=\"async\" class=\"aligncenter wp-image-1079 size-large\" src=\"https:\/\/fss.cat\/wp-content\/uploads\/2025\/07\/alzheimer-2018-3-1024x768.jpg\" alt=\"\" width=\"710\" height=\"533\" \/><\/a><br \/>\n<strong>L&#8217;Alzheimer<\/strong><\/p>\n<p>El 21 de setembre se celebra el Dia Mundial de l\u2019Alzheimer: una malaltia neurodegenerativa que es caracteritza per la mort progressiva de les neurones i la disminuci\u00f3 de la capacitat de les sinapsis, la qual cosa condueix a la p\u00e8rdua paulatina de les funcions que realitza el cervell, \u00a0presentant alteracions en mem\u00f2ria, llenguatge, pr\u00e0xies, gn\u00f2sies, capacitat de prendre decisions, planificaci\u00f3, judici, atenci\u00f3 i personalitat, amb l&#8217;aparici\u00f3 freq\u00fcent de problemes psicopatol\u00f2gics i del comportament.<br \/>\nEs calcula que al m\u00f3n hi ha uns 50 milions de persones amb dem\u00e8ncia: l&#8217;Alzheimer n&#8217;\u00e9s la causa m\u00e9s freq\u00fcent en tot el m\u00f3n, constitueix les 2\/3 parts de les dem\u00e8ncies.<br \/>\nEs preveu que l&#8217;any 2030 hi hauran 82 milions de persones amb dem\u00e8ncia i que el 2050 seran 152 milions. Aix\u00f2 suposar\u00e0 que cada 3 segons hi haur\u00e0 un nou cas de dem\u00e8ncia al m\u00f3n (dades d&#8217;Alzheimer&#8217;s Org Report 2018).<\/p>\n<p dir=\"ltr\">Un 90% de les persones amb malaltia d&#8217;Alzheimer tenen m\u00e9s de 65 anys. A Catalunya cada any hi ha 44.000 nous casos i 19.000 m\u00e9s sense diagnosticar. Cada vegada hi ha m\u00e9s casos entre persones de baixos recursos econ\u00f2mics (pitjor acc\u00e9s a atenci\u00f3 sanit\u00e0ria) i menor grau d&#8217;educaci\u00f3 i\/o feines menys qualificades.<\/p>\n<p dir=\"ltr\">La dedicaci\u00f3 a investigaci\u00f3 en malaltia d&#8217;Alzheimer \u00e9s encara relativament baixa: es fa una investigaci\u00f3 en Alzheimer per cada 12 que es realitzen en c\u00e0ncer.\u00a0Actualment no existeix cura per la malaltia de l\u2019Alzheimer, per\u00f2 s\u00ed hi ha tractaments farmacol\u00f2gics i psicosocials que intenten reduir el grau de progressi\u00f3 de la malaltia i els seus s\u00edmptomes associats. Per tant, \u00e9s molt important la detecci\u00f3 preco\u00e7 per minorar la progressi\u00f3.<\/p>\n","protected":false},"excerpt":{"rendered":"<p>La Fundaci\u00f3 Santa Susanna ha celebrat un any m\u00e9s el Dia Mundial de l&#8217;Alzheimer amb la 2a caminada el mat\u00ed del dissabte 29 de setembre. El grup, format per m\u00e9s de cinquanta persones de totes les edats, ha caminat fins a la Font del Dimoni gaudint de l&#8217;entorn i ha realitzat activitats per prendre consci\u00e8ncia [&hellip;]<\/p>\n","protected":false},"author":1,"featured_media":4784,"comment_status":"closed","ping_status":"closed","sticky":false,"template":"","format":"standard","meta":{"_acf_changed":false,"footnotes":""},"categories":[],"tags":[],"class_list":["post-4781","post","type-post","status-publish","format-standard","has-post-thumbnail","hentry"],"acf":[],"_links":{"self":[{"href":"https:\/\/fss.cat\/es\/wp-json\/wp\/v2\/posts\/4781","targetHints":{"allow":["GET"]}}],"collection":[{"href":"https:\/\/fss.cat\/es\/wp-json\/wp\/v2\/posts"}],"about":[{"href":"https:\/\/fss.cat\/es\/wp-json\/wp\/v2\/types\/post"}],"author":[{"embeddable":true,"href":"https:\/\/fss.cat\/es\/wp-json\/wp\/v2\/users\/1"}],"replies":[{"embeddable":true,"href":"https:\/\/fss.cat\/es\/wp-json\/wp\/v2\/comments?post=4781"}],"version-history":[{"count":0,"href":"https:\/\/fss.cat\/es\/wp-json\/wp\/v2\/posts\/4781\/revisions"}],"wp:featuredmedia":[{"embeddable":true,"href":"https:\/\/fss.cat\/es\/wp-json\/wp\/v2\/media\/4784"}],"wp:attachment":[{"href":"https:\/\/fss.cat\/es\/wp-json\/wp\/v2\/media?parent=4781"}],"wp:term":[{"taxonomy":"category","embeddable":true,"href":"https:\/\/fss.cat\/es\/wp-json\/wp\/v2\/categories?post=4781"},{"taxonomy":"post_tag","embeddable":true,"href":"https:\/\/fss.cat\/es\/wp-json\/wp\/v2\/tags?post=4781"}],"curies":[{"name":"wp","href":"https:\/\/api.w.org\/{rel}","templated":true}]}}