{"id":4775,"date":"2018-10-19T09:09:25","date_gmt":"2018-10-19T09:09:25","guid":{"rendered":"https:\/\/resi.prova.cat\/la-fundacio-dacollida-santa-susanna-obre-les-seves-portes\/"},"modified":"2025-07-09T10:32:26","modified_gmt":"2025-07-09T10:32:26","slug":"la-fundacio-dacollida-santa-susanna-obre-les-seves-portes","status":"publish","type":"post","link":"https:\/\/fss.cat\/es\/la-fundacio-dacollida-santa-susanna-obre-les-seves-portes\/","title":{"rendered":"La Fundaci\u00f3 d&#8217;Acollida Santa Susanna obre les seves portes"},"content":{"rendered":"<p><strong><span lang=\"CA\">La instituci\u00f3 ha realitzat una jornada de portes obertes per mostrar la seva activitat als habitants de Caldes de Montbui el 18 d&#8217;octubre, coincidint amb la celebraci\u00f3 de la Festa Major i Capvuitada del municipi.<\/span><\/strong><\/p>\n<p>Els calderins han pogut visitar la nova entrada a l&#8217;edifici situada al carrer Sentmenat n\u00ba 6 (inaugurada el mes de juliol) i veure les instal\u00b7lacions que acullen els serveis de resid\u00e8ncia assistida, el centre de dia i els serveis di\u00fcrns. Aquests serveis, juntament amb els serveis d&#8217;atenci\u00f3 domicili\u00e0ria, configuren el ventall de recursos que la instituci\u00f3 adre\u00e7a a la gent gran per oferir resposta a les necessitats d&#8217;envelliment de la poblaci\u00f3.<br \/>\nEls professionals i els propis residents han donat la benvinguda als visitants i els han acompanyat en la visita al centre, explicant les activitats de l&#8217;entitat, informaci\u00f3 que ha anat acompanyada de la projecci\u00f3 d&#8217;audiovisuals que han mostrat el dia a dia del centre.<br \/>\nLa Sra. Annabel Mateos, directora de la Fundaci\u00f3 d&#8217;Acollida, ha aprofitat la jornada per agrair la confian\u00e7a dels usuaris i de les seves fam\u00edlies, la dedicaci\u00f3 i professionalitat dels treballadors i el suport dels voluntaris i col\u00b7laboradors.<\/p>\n<p><iframe src=\"https:\/\/www.youtube.com\/embed\/8DdSJXTCyy0\" width=\"560\" height=\"315\" frameborder=\"0\" allowfullscreen=\"allowfullscreen\"><\/iframe><\/p>\n<p><strong><span lang=\"CA\">La Fundaci\u00f3 d&#8217;Acollida, hereva de la Fundaci\u00f3 Santa Susanna<br \/>\n<\/span><\/strong>La Fundaci\u00f3 d&#8217;Acollida \u00e9s una de les dues noves entitats creades arran del proc\u00e9s d&#8217;escissi\u00f3 de la Fundaci\u00f3 Santa Susanna.<br \/>\nLa Fundaci\u00f3 Santa Susanna, instituci\u00f3 que data del 1386, va decidir cedir el 2018 els seus objectius assistencials a dues noves entitats: la Fundaci\u00f3 Sociosanit\u00e0ria Santa Susanna (que est\u00e0 ubicada al bloc del carrer Font i Boet i ofereix serveis sociosanitaris com les estades temporals, la rehabilitaci\u00f3 o el PADES) i la Fundaci\u00f3 d&#8217;Acollida Santa Susanna (que est\u00e0 ubicada al bloc del carrer Sentmenat i ofereix serveis per atendre les persones durant el seu proc\u00e9s d&#8217;envelliment). La Fundaci\u00f3 Santa Susanna, tanmateix, segueix sent l\u2019entitat encarregada de gestionar el patrimoni, els serveis centrals i els serveis funeraris.<\/p>\n<p><a href=\"https:\/\/fss.cat\/wp-content\/uploads\/2025\/07\/SANTA_SUSANNA_ACOLLIDA_POSITIU.png\"><img fetchpriority=\"high\" decoding=\"async\" class=\"aligncenter wp-image-839 size-medium\" src=\"https:\/\/fss.cat\/wp-content\/uploads\/2025\/07\/SANTA_SUSANNA_ACOLLIDA_POSITIU-300x167.png\" alt=\"\" width=\"300\" height=\"167\" \/><\/a><\/p>\n","protected":false},"excerpt":{"rendered":"<p>La instituci\u00f3 ha realitzat una jornada de portes obertes per mostrar la seva activitat als habitants de Caldes de Montbui el 18 d&#8217;octubre, coincidint amb la celebraci\u00f3 de la Festa Major i Capvuitada del municipi. Els calderins han pogut visitar la nova entrada a l&#8217;edifici situada al carrer Sentmenat n\u00ba 6 (inaugurada el mes de [&hellip;]<\/p>\n","protected":false},"author":1,"featured_media":4778,"comment_status":"closed","ping_status":"closed","sticky":false,"template":"","format":"standard","meta":{"_acf_changed":false,"footnotes":""},"categories":[],"tags":[],"class_list":["post-4775","post","type-post","status-publish","format-standard","has-post-thumbnail","hentry"],"acf":[],"_links":{"self":[{"href":"https:\/\/fss.cat\/es\/wp-json\/wp\/v2\/posts\/4775","targetHints":{"allow":["GET"]}}],"collection":[{"href":"https:\/\/fss.cat\/es\/wp-json\/wp\/v2\/posts"}],"about":[{"href":"https:\/\/fss.cat\/es\/wp-json\/wp\/v2\/types\/post"}],"author":[{"embeddable":true,"href":"https:\/\/fss.cat\/es\/wp-json\/wp\/v2\/users\/1"}],"replies":[{"embeddable":true,"href":"https:\/\/fss.cat\/es\/wp-json\/wp\/v2\/comments?post=4775"}],"version-history":[{"count":0,"href":"https:\/\/fss.cat\/es\/wp-json\/wp\/v2\/posts\/4775\/revisions"}],"wp:featuredmedia":[{"embeddable":true,"href":"https:\/\/fss.cat\/es\/wp-json\/wp\/v2\/media\/4778"}],"wp:attachment":[{"href":"https:\/\/fss.cat\/es\/wp-json\/wp\/v2\/media?parent=4775"}],"wp:term":[{"taxonomy":"category","embeddable":true,"href":"https:\/\/fss.cat\/es\/wp-json\/wp\/v2\/categories?post=4775"},{"taxonomy":"post_tag","embeddable":true,"href":"https:\/\/fss.cat\/es\/wp-json\/wp\/v2\/tags?post=4775"}],"curies":[{"name":"wp","href":"https:\/\/api.w.org\/{rel}","templated":true}]}}