{"id":4773,"date":"2018-10-24T09:04:50","date_gmt":"2018-10-24T09:04:50","guid":{"rendered":"https:\/\/resi.prova.cat\/gracies-per-ajudar-a-comprar-la-llitera-pel-centre-de-dia\/"},"modified":"2018-10-24T09:04:50","modified_gmt":"2018-10-24T09:04:50","slug":"gracies-per-ajudar-a-comprar-la-llitera-pel-centre-de-dia","status":"publish","type":"post","link":"https:\/\/fss.cat\/es\/gracies-per-ajudar-a-comprar-la-llitera-pel-centre-de-dia\/","title":{"rendered":"Gr\u00e0cies per ajudar a comprar la llitera pel Centre de dia"},"content":{"rendered":"<p>Un any m\u00e9s\u00a0<strong>volem agrair la col\u00b7laboraci\u00f3\u00a0<\/strong>de totes les botigues, de tots els particulars i del grup de voluntaris que, amb la seva col\u00b7laboraci\u00f3, han fet possible la\u00a0<strong>20a edici\u00f3 de la\u00a0<span class=\"il\">T\u00f3mbola<\/span>\u00a0de Festa Major de la Fundaci\u00f3 Santa Susanna<\/strong>.<\/p>\n<div>S\u2019han recollit\u00a0<strong>1.598 \u20ac<\/strong>\u00a0que han estat destinats a comprar una\u00a0<strong>llitera pel descans de les persones usu\u00e0ries del Centre de dia.\u00a0<\/strong>El Centre de dia \u00e9s\u00a0un dels recursos que ofereix la Fundaci\u00f3 i que ofereix un servei d&#8217;acolliment, prevenci\u00f3, socialitzaci\u00f3 de les persones grans que, per algun motiu biopsicosocial, necessiten els serveis que ofereix el centre, podent conservar el seu domicili habitual i tornar al mateix di\u00e0riament; esdevenint un suport per a la fam\u00edlia.<\/div>\n<div>Un any m\u00e9s s\u2019ha complert l\u2019objectiu de fer una activitat oberta i participativa on molta gent del poble es pot implicar i col\u00b7laborar amb la Fundaci\u00f3. Gr\u00e0cies a tothom i fins l\u2019any que ve!<\/div>\n","protected":false},"excerpt":{"rendered":"<p>Un any m\u00e9s\u00a0volem agrair la col\u00b7laboraci\u00f3\u00a0de totes les botigues, de tots els particulars i del grup de voluntaris que, amb la seva col\u00b7laboraci\u00f3, han fet possible la\u00a020a edici\u00f3 de la\u00a0T\u00f3mbola\u00a0de Festa Major de la Fundaci\u00f3 Santa Susanna. S\u2019han recollit\u00a01.598 \u20ac\u00a0que han estat destinats a comprar una\u00a0llitera pel descans de les persones usu\u00e0ries del Centre de [&hellip;]<\/p>\n","protected":false},"author":1,"featured_media":4774,"comment_status":"closed","ping_status":"closed","sticky":false,"template":"","format":"standard","meta":{"_acf_changed":false,"footnotes":""},"categories":[],"tags":[],"class_list":["post-4773","post","type-post","status-publish","format-standard","has-post-thumbnail","hentry"],"acf":[],"_links":{"self":[{"href":"https:\/\/fss.cat\/es\/wp-json\/wp\/v2\/posts\/4773","targetHints":{"allow":["GET"]}}],"collection":[{"href":"https:\/\/fss.cat\/es\/wp-json\/wp\/v2\/posts"}],"about":[{"href":"https:\/\/fss.cat\/es\/wp-json\/wp\/v2\/types\/post"}],"author":[{"embeddable":true,"href":"https:\/\/fss.cat\/es\/wp-json\/wp\/v2\/users\/1"}],"replies":[{"embeddable":true,"href":"https:\/\/fss.cat\/es\/wp-json\/wp\/v2\/comments?post=4773"}],"version-history":[{"count":0,"href":"https:\/\/fss.cat\/es\/wp-json\/wp\/v2\/posts\/4773\/revisions"}],"wp:featuredmedia":[{"embeddable":true,"href":"https:\/\/fss.cat\/es\/wp-json\/wp\/v2\/media\/4774"}],"wp:attachment":[{"href":"https:\/\/fss.cat\/es\/wp-json\/wp\/v2\/media?parent=4773"}],"wp:term":[{"taxonomy":"category","embeddable":true,"href":"https:\/\/fss.cat\/es\/wp-json\/wp\/v2\/categories?post=4773"},{"taxonomy":"post_tag","embeddable":true,"href":"https:\/\/fss.cat\/es\/wp-json\/wp\/v2\/tags?post=4773"}],"curies":[{"name":"wp","href":"https:\/\/api.w.org\/{rel}","templated":true}]}}