{"id":4765,"date":"2018-10-25T09:02:15","date_gmt":"2018-10-25T09:02:15","guid":{"rendered":"https:\/\/resi.prova.cat\/reconeixement-public-pels-mes-de-500-anys-de-vida\/"},"modified":"2025-07-09T10:32:22","modified_gmt":"2025-07-09T10:32:22","slug":"reconeixement-public-pels-mes-de-500-anys-de-vida","status":"publish","type":"post","link":"https:\/\/fss.cat\/es\/reconeixement-public-pels-mes-de-500-anys-de-vida\/","title":{"rendered":"Reconeixement p\u00fablic pels m\u00e9s de 500 anys de vida"},"content":{"rendered":"<div>La Fundaci\u00f3 Santa Susanna ha rebut un\u00a0<strong>reconeixement p\u00fablic per ser una fundaci\u00f3 amb m\u00e9s de 500 anys d&#8217;hist\u00f2ria<\/strong>. El guard\u00f3 l&#8217;ha recollit Mn. Xavier Blanco, vicepresident de l&#8217;entitat, de mans de la H. Sra. Ester Capella, Consellera de Just\u00edcia de la Generalitat de Catalunya, en un acte que ha tingut lloc el 22 d&#8217;octubre a l&#8217;auditori del CaixaForum i que estava organitzat per la\u00a0<strong>Coordinadora Catalana de Fundacions\u00a0<\/strong>en motiu del seu 40\u00e8 aniversari.<\/div>\n<div><\/div>\n<div>La Coordinadora va aprofitar l&#8217;efem\u00e8ride per posar de manifest que les fundacions fem coses positives per a la societat, donant veu a algunes fundacions perqu\u00e8 expliquessin la seva aportaci\u00f3 a la societat i la motivaci\u00f3 de les persones que la representaven a l&#8217;acte. Tot seguit, es va fer un reconeixement p\u00fablic a les fundacions que tenen m\u00e9s de 500 anys d&#8217;antiguitat, com \u00e9s el cas de la Fundaci\u00f3 Resid\u00e8ncia\u00a0Santa Susanna, que fa m\u00e9s de 632 anys que mant\u00e9 l&#8217;esperit que la va fundar, acollint a les persones que ho necessiten.<\/div>\n<div class=\"yj6qo ajU\">\n<div id=\":3w7\" class=\"ajR\" tabindex=\"0\" role=\"button\" aria-label=\"Amaga el contingut ampliat\" data-tooltip=\"Amaga el contingut ampliat\"><img decoding=\"async\" class=\"ajT\" src=\"https:\/\/fss.cat\/wp-content\/uploads\/2025\/07\/cleardot-1.gif\" \/><\/div>\n<\/div>\n<div class=\"adL\">\n<div>\u00a0Les fundacions que han rebut reconeixement (i el seu any fundacional) s\u00f3n:<\/div>\n<div>\n<ul>\n<li>Hospital de Sant Celoni (1170)<\/li>\n<li>Sant Andreu Salut (1260)<\/li>\n<li>Salut Empord\u00e0 (1313)<\/li>\n<li>Hospital Sant Joan Baptista (1324)<\/li>\n<li>Asil de Granollers (1328)<\/li>\n<li>Resid\u00e8ncia Santa Susanna (1386)<\/li>\n<li>Hospital de Santa Creu i Sant Pau (1401)<\/li>\n<li>Hospital de Sant Pau i Santa Tecla (1464)<\/li>\n<\/ul>\n<\/div>\n<div>Moltes felicitats a totes elles per la seva llarga traject\u00f2ria i a la Coordinadora Catalana de Fundacions pel seu 40\u00e8 aniversari! Les fundacions ho fem possible!<\/div>\n<div>\u00a0<a href=\"https:\/\/fss.cat\/wp-content\/uploads\/2025\/07\/fundacions.jpg\"><img fetchpriority=\"high\" decoding=\"async\" class=\"aligncenter wp-image-1062 size-full\" src=\"https:\/\/fss.cat\/wp-content\/uploads\/2025\/07\/fundacions.jpg\" alt=\"\" width=\"2048\" height=\"1365\" \/><\/a><\/div>\n<div><\/div>\n<div>El guard\u00f3, que podreu veure exposat a la recepci\u00f3 del carrer Sentmenat n\u00ba6, ha estat realitzat pel Centre especial de treball Esclatec i est\u00e0 inspirat en l&#8217;interior d&#8217;un arbre que creix i guanya experi\u00e8ncia amb els anys, simbolitzant que totes les fundacions estem unides per la mateixa arrel.<\/div>\n<div><a href=\"https:\/\/fss.cat\/wp-content\/uploads\/2025\/07\/2018-10-22-guardo.jpg\"><img decoding=\"async\" class=\"aligncenter wp-image-1061 size-large\" src=\"https:\/\/fss.cat\/wp-content\/uploads\/2025\/07\/2018-10-22-guardo-1024x768.jpg\" alt=\"\" width=\"710\" height=\"533\" \/><\/a><\/div>\n<\/div>\n","protected":false},"excerpt":{"rendered":"<p>La Fundaci\u00f3 Santa Susanna ha rebut un\u00a0reconeixement p\u00fablic per ser una fundaci\u00f3 amb m\u00e9s de 500 anys d&#8217;hist\u00f2ria. El guard\u00f3 l&#8217;ha recollit Mn. Xavier Blanco, vicepresident de l&#8217;entitat, de mans de la H. Sra. Ester Capella, Consellera de Just\u00edcia de la Generalitat de Catalunya, en un acte que ha tingut lloc el 22 d&#8217;octubre a [&hellip;]<\/p>\n","protected":false},"author":1,"featured_media":4770,"comment_status":"closed","ping_status":"closed","sticky":false,"template":"","format":"standard","meta":{"_acf_changed":false,"footnotes":""},"categories":[],"tags":[],"class_list":["post-4765","post","type-post","status-publish","format-standard","has-post-thumbnail","hentry"],"acf":[],"_links":{"self":[{"href":"https:\/\/fss.cat\/es\/wp-json\/wp\/v2\/posts\/4765","targetHints":{"allow":["GET"]}}],"collection":[{"href":"https:\/\/fss.cat\/es\/wp-json\/wp\/v2\/posts"}],"about":[{"href":"https:\/\/fss.cat\/es\/wp-json\/wp\/v2\/types\/post"}],"author":[{"embeddable":true,"href":"https:\/\/fss.cat\/es\/wp-json\/wp\/v2\/users\/1"}],"replies":[{"embeddable":true,"href":"https:\/\/fss.cat\/es\/wp-json\/wp\/v2\/comments?post=4765"}],"version-history":[{"count":0,"href":"https:\/\/fss.cat\/es\/wp-json\/wp\/v2\/posts\/4765\/revisions"}],"wp:featuredmedia":[{"embeddable":true,"href":"https:\/\/fss.cat\/es\/wp-json\/wp\/v2\/media\/4770"}],"wp:attachment":[{"href":"https:\/\/fss.cat\/es\/wp-json\/wp\/v2\/media?parent=4765"}],"wp:term":[{"taxonomy":"category","embeddable":true,"href":"https:\/\/fss.cat\/es\/wp-json\/wp\/v2\/categories?post=4765"},{"taxonomy":"post_tag","embeddable":true,"href":"https:\/\/fss.cat\/es\/wp-json\/wp\/v2\/tags?post=4765"}],"curies":[{"name":"wp","href":"https:\/\/api.w.org\/{rel}","templated":true}]}}