{"id":4762,"date":"2018-11-07T08:56:08","date_gmt":"2018-11-07T08:56:08","guid":{"rendered":"https:\/\/resi.prova.cat\/viure-i-renovar-se\/"},"modified":"2018-11-07T08:56:08","modified_gmt":"2018-11-07T08:56:08","slug":"viure-i-renovar-se","status":"publish","type":"post","link":"https:\/\/fss.cat\/es\/viure-i-renovar-se\/","title":{"rendered":"Viure i renovar-se"},"content":{"rendered":"<p>Aquest \u00e9s el lema pel curs que hem iniciat i que fa refer\u00e8ncia a la visi\u00f3 de l&#8217;entitat: la\u00a0<strong>innovaci\u00f3.\u00a0<\/strong><\/p>\n<p><strong>Viure<\/strong>: perqu\u00e8 som una instituci\u00f3 amb 632 anys d&#8217;hist\u00f2ria.<br \/>\n<strong>Renovar-se<\/strong>: perqu\u00e8 des de l&#8217;any 1386 la fundaci\u00f3 s&#8217;ha anat adaptant a la realitat social de cada moment identificant noves necessitats i possibilitant nous projectes.<\/p>\n<p>Alguns projectes que en el seu moment van ser innovadors en el seu context\u00a0van ser, per exemple: els serveis d&#8217;atenci\u00f3 domicili\u00e0ria, repartir menjar a domicili o\u00a0\u00a0l&#8217;atenci\u00f3 al dol. Els serveis funeraris, creats el juny del 2016, segueixen sent innovadors perqu\u00e8 som l&#8217;\u00fanica instituci\u00f3 no lucrativa que presta serveis funeraris a Catalunya (i a Espanya).<\/p>\n<p><strong>I la realitat segueix canviant, i ens cal seguir avan\u00e7ant&#8230;\u00a0<\/strong>L&#8217;\u00faltim canvi significatiu \u00e9s l&#8217;escissi\u00f3 parcial que possibilitar\u00e0 continuar oferint els mateixos serveis mantenint tots els llocs treball, continuant la nostra hist\u00f2ria d&#8217;acolliment.<\/p>\n<p>Per continuar vivint, \u00e9s necess\u00e0ria la implicaci\u00f3 de tots els que estem vincultats amb Santa Susanna. Nom\u00e9s aix\u00ed podrem\u00a0seguir sumant anys d&#8217;atenci\u00f3 a les persones.<\/p>\n<p><a href=\"http:\/\/www.fss.cat\/wp-content\/uploads\/2019\/01\/presentaci\u00f3-lema-VIURE-I-RENOVAR-SE.pdf\">presentaci\u00f3 lema VIURE I RENOVAR-SE<\/a><\/p>\n","protected":false},"excerpt":{"rendered":"<p>Aquest \u00e9s el lema pel curs que hem iniciat i que fa refer\u00e8ncia a la visi\u00f3 de l&#8217;entitat: la\u00a0innovaci\u00f3.\u00a0 Viure: perqu\u00e8 som una instituci\u00f3 amb 632 anys d&#8217;hist\u00f2ria. Renovar-se: perqu\u00e8 des de l&#8217;any 1386 la fundaci\u00f3 s&#8217;ha anat adaptant a la realitat social de cada moment identificant noves necessitats i possibilitant nous projectes. Alguns projectes [&hellip;]<\/p>\n","protected":false},"author":1,"featured_media":4763,"comment_status":"closed","ping_status":"closed","sticky":false,"template":"","format":"standard","meta":{"_acf_changed":false,"footnotes":""},"categories":[],"tags":[],"class_list":["post-4762","post","type-post","status-publish","format-standard","has-post-thumbnail","hentry"],"acf":[],"_links":{"self":[{"href":"https:\/\/fss.cat\/es\/wp-json\/wp\/v2\/posts\/4762","targetHints":{"allow":["GET"]}}],"collection":[{"href":"https:\/\/fss.cat\/es\/wp-json\/wp\/v2\/posts"}],"about":[{"href":"https:\/\/fss.cat\/es\/wp-json\/wp\/v2\/types\/post"}],"author":[{"embeddable":true,"href":"https:\/\/fss.cat\/es\/wp-json\/wp\/v2\/users\/1"}],"replies":[{"embeddable":true,"href":"https:\/\/fss.cat\/es\/wp-json\/wp\/v2\/comments?post=4762"}],"version-history":[{"count":0,"href":"https:\/\/fss.cat\/es\/wp-json\/wp\/v2\/posts\/4762\/revisions"}],"wp:featuredmedia":[{"embeddable":true,"href":"https:\/\/fss.cat\/es\/wp-json\/wp\/v2\/media\/4763"}],"wp:attachment":[{"href":"https:\/\/fss.cat\/es\/wp-json\/wp\/v2\/media?parent=4762"}],"wp:term":[{"taxonomy":"category","embeddable":true,"href":"https:\/\/fss.cat\/es\/wp-json\/wp\/v2\/categories?post=4762"},{"taxonomy":"post_tag","embeddable":true,"href":"https:\/\/fss.cat\/es\/wp-json\/wp\/v2\/tags?post=4762"}],"curies":[{"name":"wp","href":"https:\/\/api.w.org\/{rel}","templated":true}]}}