{"id":4758,"date":"2018-11-09T08:52:52","date_gmt":"2018-11-09T08:52:52","guid":{"rendered":"https:\/\/resi.prova.cat\/ajudans-a-repartir-mes-dinars-minimitzant-limpacte-ambiental\/"},"modified":"2025-07-09T10:32:19","modified_gmt":"2025-07-09T10:32:19","slug":"ajudans-a-repartir-mes-dinars-minimitzant-limpacte-ambiental","status":"publish","type":"post","link":"https:\/\/fss.cat\/es\/ajudans-a-repartir-mes-dinars-minimitzant-limpacte-ambiental\/","title":{"rendered":"Ajuda&#8217;ns a repartir m\u00e9s dinars minimitzant l&#8217;impacte ambiental"},"content":{"rendered":"<p>Qu\u00e8 necessitem?<br \/>\n<strong>Necessitem el teu suport<\/strong>\u00a0per comprar una moto el\u00e8ctrica per ampliar el servei de menjador a domicili reduint l&#8217;impacte ambiental.<\/p>\n<p>Qui se&#8217;n beneficiar\u00e0?<br \/>\nLes\u00a0<strong>persones grans usu\u00e0ries del servei de menjar a domicili\u00a0<\/strong>de la Fundaci\u00f3, que reben el dinar fet i adaptat a\u00a0les necessitats d\u2019alimentaci\u00f3 equilibrada. I tots nosaltres, doncs es minimitzar\u00e0 l&#8217;impacte ambiental durant el repartiment.<\/p>\n<p>Quants diners necessitem?<br \/>\nL\u2019import total que es vol aconseguir s\u00f3n 6.671 \u20ac. Comencem amb el 1r donatiu de 4.000 \u20ac de\u00a0l\u2019Associaci\u00f3 Jard\u00ed Santa Susanna i, per tant, el repte s\u00f3n\u00a0<strong>2.671 \u20ac.<\/strong><\/p>\n<p>Com pots col\u00b7laborar?<br \/>\n-Vine al\u00a0<strong>dinar ben\u00e8fic (paella) el dimarts 27\u00a0<\/strong>al Punt de trobada<br \/>\nInscripcions i pagament (10 \u20ac) a la cafeteria<br \/>\n&#8211; Amb una\u00a0<strong>aportaci\u00f3 solid\u00e0ria<\/strong>\u00a0a la guardiola de recepci\u00f3 o b\u00e9 a\u00a0http:\/\/givingtuesday.es\/projects\/menjar-a-domicili-sense-impacte-ambiental\/<\/p>\n<p><a href=\"https:\/\/fss.cat\/wp-content\/uploads\/2025\/07\/cor-1.jpg\"><img fetchpriority=\"high\" decoding=\"async\" class=\"aligncenter wp-image-1042 size-medium\" src=\"https:\/\/fss.cat\/wp-content\/uploads\/2025\/07\/cor-1-300x234.jpg\" alt=\"\" width=\"300\" height=\"234\" \/><\/a><br \/>\n<strong>Participem al Giving Tuesday!<br \/>\n<\/strong><br \/>\n#GivingTuesday \u00e9s un moviment global, sense \u00e0nim de lucre, que t\u00e9 com a finalitat promoure la solidaritat entre persones, organitzacions i empreses, que enguany se celebra el\u00a0<strong>27 de novembre<\/strong>. \u00c9s el\u00a0<strong>dia mundial dedicat a donar i col\u00b7laborar amb causes socials<\/strong>.<br \/>\nVa n\u00e9ixer el 2012 als Estats Units i s\u2019ha consolidat com una campanya global que vol ser una alternativa a les estrat\u00e8gies comercials de les grans empreses en les vendes de Nadal: el #BlackFriday i el #Cybermonday.<\/p>\n","protected":false},"excerpt":{"rendered":"<p>Qu\u00e8 necessitem? Necessitem el teu suport\u00a0per comprar una moto el\u00e8ctrica per ampliar el servei de menjador a domicili reduint l&#8217;impacte ambiental. Qui se&#8217;n beneficiar\u00e0? Les\u00a0persones grans usu\u00e0ries del servei de menjar a domicili\u00a0de la Fundaci\u00f3, que reben el dinar fet i adaptat a\u00a0les necessitats d\u2019alimentaci\u00f3 equilibrada. I tots nosaltres, doncs es minimitzar\u00e0 l&#8217;impacte ambiental durant [&hellip;]<\/p>\n","protected":false},"author":1,"featured_media":4761,"comment_status":"closed","ping_status":"closed","sticky":false,"template":"","format":"standard","meta":{"_acf_changed":false,"footnotes":""},"categories":[],"tags":[],"class_list":["post-4758","post","type-post","status-publish","format-standard","has-post-thumbnail","hentry"],"acf":[],"_links":{"self":[{"href":"https:\/\/fss.cat\/es\/wp-json\/wp\/v2\/posts\/4758","targetHints":{"allow":["GET"]}}],"collection":[{"href":"https:\/\/fss.cat\/es\/wp-json\/wp\/v2\/posts"}],"about":[{"href":"https:\/\/fss.cat\/es\/wp-json\/wp\/v2\/types\/post"}],"author":[{"embeddable":true,"href":"https:\/\/fss.cat\/es\/wp-json\/wp\/v2\/users\/1"}],"replies":[{"embeddable":true,"href":"https:\/\/fss.cat\/es\/wp-json\/wp\/v2\/comments?post=4758"}],"version-history":[{"count":0,"href":"https:\/\/fss.cat\/es\/wp-json\/wp\/v2\/posts\/4758\/revisions"}],"wp:featuredmedia":[{"embeddable":true,"href":"https:\/\/fss.cat\/es\/wp-json\/wp\/v2\/media\/4761"}],"wp:attachment":[{"href":"https:\/\/fss.cat\/es\/wp-json\/wp\/v2\/media?parent=4758"}],"wp:term":[{"taxonomy":"category","embeddable":true,"href":"https:\/\/fss.cat\/es\/wp-json\/wp\/v2\/categories?post=4758"},{"taxonomy":"post_tag","embeddable":true,"href":"https:\/\/fss.cat\/es\/wp-json\/wp\/v2\/tags?post=4758"}],"curies":[{"name":"wp","href":"https:\/\/api.w.org\/{rel}","templated":true}]}}