{"id":4739,"date":"2018-11-29T08:40:10","date_gmt":"2018-11-29T08:40:10","guid":{"rendered":"https:\/\/resi.prova.cat\/caldes-acull-la-jornada-dels-professionals-datencio-a-les-persones-grans\/"},"modified":"2025-07-09T10:31:52","modified_gmt":"2025-07-09T10:31:52","slug":"caldes-acull-la-jornada-dels-professionals-datencio-a-les-persones-grans","status":"publish","type":"post","link":"https:\/\/fss.cat\/es\/caldes-acull-la-jornada-dels-professionals-datencio-a-les-persones-grans\/","title":{"rendered":"Caldes acull la jornada dels professionals d&#8217;atenci\u00f3 a les persones grans"},"content":{"rendered":"<p>La jornada anual dels professionals de la Federaci\u00f3 d&#8217;Entitats d&#8217;Assist\u00e8ncia a la Tercera Edat sense \u00e0nim de lucre (FEATE) s&#8217;ha celebrat el 28 de novembre a Caldes de Montbui.<br \/>\nL&#8217;acte, que ha aplegat a 80 professionals del territori catal\u00e0, ha comptat amb la pres\u00e8ncia del Sr. Isidre Pineda, primer tinent d&#8217;alcalde, qui ha donat la benvinguda als participants a Caldes de Montbui, una ciutat amiga de la gent gran.<br \/>\nAl llarg del mat\u00ed s&#8217;han realitzat diferents tallers i confer\u00e8ncies a l&#8217;espai Can Rius dedicades al treball interdisciplinari, la sexualitat en la gent gran, les disf\u00e0gies i l&#8217;intercanvi d&#8217;experi\u00e8ncies d&#8217;atenci\u00f3 centrada en la persona, esdevenint una trobada formativa i una ocasi\u00f3 per a compartir per als professionals de les resid\u00e8ncies catalanes sense afany de lucre.<br \/>\nAl migdia, els assistents han dinat plegats a la Fundaci\u00f3 Santa Susanna, amfitriona de la jornada.<br \/>\nLa Sra. Montserrat Falguera, presidenta de FEATE, ha valorat positivament la jornada i ha manifestat la import\u00e0ncia d&#8217;aquestes trobades per contribuir a la millora cont\u00ednua de l&#8217;assist\u00e8ncia a les resid\u00e8ncies per gent gran.<br \/>\n<a href=\"https:\/\/fss.cat\/wp-content\/uploads\/2025\/07\/feate-2.jpg\"><img fetchpriority=\"high\" decoding=\"async\" class=\"aligncenter size-large wp-image-1039\" src=\"https:\/\/fss.cat\/wp-content\/uploads\/2025\/07\/feate-2.jpg\" alt=\"\" width=\"710\" height=\"533\" \/><\/a><br \/>\n<b>FEATE i la Fundaci\u00f3 Santa Susanna<br \/>\n<\/b>FEATE \u00e9s una Federaci\u00f3 que agrupa a entitats d\u2019iniciativa social sense afany de lucre, que presta serveis al sector de la gent gran i defensa els interessos del seus associats. Creada el 1991, compta amb 70 entitats s\u00f2cies i forma part de La Confederaci\u00f3 i de la Taula Tercer Sector Social de Catalunya.<br \/>\nLa Fundaci\u00f3 Santa Susanna \u00e9s una de les entitats s\u00f2cies de FEATE i hi participa activament.<\/p>\n<p>&nbsp;<\/p>\n","protected":false},"excerpt":{"rendered":"<p>La jornada anual dels professionals de la Federaci\u00f3 d&#8217;Entitats d&#8217;Assist\u00e8ncia a la Tercera Edat sense \u00e0nim de lucre (FEATE) s&#8217;ha celebrat el 28 de novembre a Caldes de Montbui. L&#8217;acte, que ha aplegat a 80 professionals del territori catal\u00e0, ha comptat amb la pres\u00e8ncia del Sr. Isidre Pineda, primer tinent d&#8217;alcalde, qui ha donat la [&hellip;]<\/p>\n","protected":false},"author":1,"featured_media":4742,"comment_status":"closed","ping_status":"closed","sticky":false,"template":"","format":"standard","meta":{"_acf_changed":false,"footnotes":""},"categories":[],"tags":[],"class_list":["post-4739","post","type-post","status-publish","format-standard","has-post-thumbnail","hentry"],"acf":[],"_links":{"self":[{"href":"https:\/\/fss.cat\/es\/wp-json\/wp\/v2\/posts\/4739","targetHints":{"allow":["GET"]}}],"collection":[{"href":"https:\/\/fss.cat\/es\/wp-json\/wp\/v2\/posts"}],"about":[{"href":"https:\/\/fss.cat\/es\/wp-json\/wp\/v2\/types\/post"}],"author":[{"embeddable":true,"href":"https:\/\/fss.cat\/es\/wp-json\/wp\/v2\/users\/1"}],"replies":[{"embeddable":true,"href":"https:\/\/fss.cat\/es\/wp-json\/wp\/v2\/comments?post=4739"}],"version-history":[{"count":0,"href":"https:\/\/fss.cat\/es\/wp-json\/wp\/v2\/posts\/4739\/revisions"}],"wp:featuredmedia":[{"embeddable":true,"href":"https:\/\/fss.cat\/es\/wp-json\/wp\/v2\/media\/4742"}],"wp:attachment":[{"href":"https:\/\/fss.cat\/es\/wp-json\/wp\/v2\/media?parent=4739"}],"wp:term":[{"taxonomy":"category","embeddable":true,"href":"https:\/\/fss.cat\/es\/wp-json\/wp\/v2\/categories?post=4739"},{"taxonomy":"post_tag","embeddable":true,"href":"https:\/\/fss.cat\/es\/wp-json\/wp\/v2\/tags?post=4739"}],"curies":[{"name":"wp","href":"https:\/\/api.w.org\/{rel}","templated":true}]}}