{"id":4733,"date":"2019-01-04T10:24:04","date_gmt":"2019-01-04T10:24:04","guid":{"rendered":"https:\/\/resi.prova.cat\/5a-edicio-del-cicle-com-podem-millorar-la-nostra-salut\/"},"modified":"2025-07-09T10:31:51","modified_gmt":"2025-07-09T10:31:51","slug":"5a-edicio-del-cicle-com-podem-millorar-la-nostra-salut","status":"publish","type":"post","link":"https:\/\/fss.cat\/es\/5a-edicio-del-cicle-com-podem-millorar-la-nostra-salut\/","title":{"rendered":"5a edici\u00f3 del cicle \u00abCom podem millorar la nostra salut\u00bb"},"content":{"rendered":"<div>L&#8217;Associaci\u00f3 Jard\u00ed Santa Susanna i la Fundaci\u00f3 Santa Susanna han organitzat una nova edici\u00f3 del\u00a0<span class=\"gmail-m_9017318465232113186gmail-m_-7261748146007367696gmail-m_487417094630971411gmail-\">cicle \u00abCom podem millorar la nostra salut\u00bb.<\/span><\/div>\n<div>La proposta \u00e9s oferir als ciutadans de Caldes de Montbui un espai informatiu i de debat sobre q\u00fcestions que poden millorar la nostra salut a trav\u00e9s d&#8217;una programaci\u00f3 de sessions mensuals obertes al di\u00e0leg i interactives per seguir promovent la salut, prevenir les limitacions i facilitar l&#8217;adaptaci\u00f3 a noves situacions vitals.<\/div>\n<div><\/div>\n<div>\u00a0Les activitats continuen sent obertes i gratu\u00eftes, i enguany el cicle canvia de dia i es realitzar\u00e0<strong>\u00a0el tercer dijous de mes, de gener a juny, a les\u00a0<\/strong><span class=\"gmail-m_9017318465232113186gmail-m_-7261748146007367696gmail-m_487417094630971411gmail-\"><strong><span class=\"gmail-\">19:00\u00a0<\/span>al Punt de trobada<\/strong>\u00a0(excepte el mes d&#8217;abril, que ser\u00e0 el quart dijous).<\/span><\/div>\n<div><span class=\"gmail-m_9017318465232113186gmail-m_-7261748146007367696gmail-m_487417094630971411gmail-\"><a href=\"https:\/\/fss.cat\/wp-content\/uploads\/2025\/07\/com-millorar-la-nostra-salut-2019.jpg\"><img fetchpriority=\"high\" decoding=\"async\" class=\"aligncenter wp-image-1032 size-full\" src=\"https:\/\/fss.cat\/wp-content\/uploads\/2025\/07\/com-millorar-la-nostra-salut-2019.jpg\" alt=\"\" width=\"1090\" height=\"791\" \/><\/a><\/span><\/div>\n","protected":false},"excerpt":{"rendered":"<p>L&#8217;Associaci\u00f3 Jard\u00ed Santa Susanna i la Fundaci\u00f3 Santa Susanna han organitzat una nova edici\u00f3 del\u00a0cicle \u00abCom podem millorar la nostra salut\u00bb. La proposta \u00e9s oferir als ciutadans de Caldes de Montbui un espai informatiu i de debat sobre q\u00fcestions que poden millorar la nostra salut a trav\u00e9s d&#8217;una programaci\u00f3 de sessions mensuals obertes al di\u00e0leg [&hellip;]<\/p>\n","protected":false},"author":1,"featured_media":4704,"comment_status":"closed","ping_status":"closed","sticky":false,"template":"","format":"standard","meta":{"_acf_changed":false,"footnotes":""},"categories":[],"tags":[],"class_list":["post-4733","post","type-post","status-publish","format-standard","has-post-thumbnail","hentry"],"acf":[],"_links":{"self":[{"href":"https:\/\/fss.cat\/es\/wp-json\/wp\/v2\/posts\/4733","targetHints":{"allow":["GET"]}}],"collection":[{"href":"https:\/\/fss.cat\/es\/wp-json\/wp\/v2\/posts"}],"about":[{"href":"https:\/\/fss.cat\/es\/wp-json\/wp\/v2\/types\/post"}],"author":[{"embeddable":true,"href":"https:\/\/fss.cat\/es\/wp-json\/wp\/v2\/users\/1"}],"replies":[{"embeddable":true,"href":"https:\/\/fss.cat\/es\/wp-json\/wp\/v2\/comments?post=4733"}],"version-history":[{"count":0,"href":"https:\/\/fss.cat\/es\/wp-json\/wp\/v2\/posts\/4733\/revisions"}],"wp:featuredmedia":[{"embeddable":true,"href":"https:\/\/fss.cat\/es\/wp-json\/wp\/v2\/media\/4704"}],"wp:attachment":[{"href":"https:\/\/fss.cat\/es\/wp-json\/wp\/v2\/media?parent=4733"}],"wp:term":[{"taxonomy":"category","embeddable":true,"href":"https:\/\/fss.cat\/es\/wp-json\/wp\/v2\/categories?post=4733"},{"taxonomy":"post_tag","embeddable":true,"href":"https:\/\/fss.cat\/es\/wp-json\/wp\/v2\/tags?post=4733"}],"curies":[{"name":"wp","href":"https:\/\/api.w.org\/{rel}","templated":true}]}}