{"id":4683,"date":"2017-11-21T10:09:32","date_gmt":"2017-11-21T10:09:32","guid":{"rendered":"https:\/\/resi.prova.cat\/bones-noticies-del-servei-datencio-domiciliaria\/"},"modified":"2017-11-21T10:09:32","modified_gmt":"2017-11-21T10:09:32","slug":"bones-noticies-del-servei-datencio-domiciliaria","status":"publish","type":"post","link":"https:\/\/fss.cat\/es\/bones-noticies-del-servei-datencio-domiciliaria\/","title":{"rendered":"Bones not\u00edcies del Servei d&#8217;Atenci\u00f3 Domicili\u00e0ria"},"content":{"rendered":"<div>L&#8217;Ajuntament de Caldes de Montbui ha fet p\u00fablica la ressoluci\u00f3 del concurs que determina que la Fundaci\u00f3 Santa Susanna podr\u00e0 continuar prestant el Servei d&#8217;Atenci\u00f3 Domicili\u00e0ria (SAD) durant 4 anys al municipi.<\/div>\n<div>\nLa Fundaci\u00f3 ofereix el Servei d&#8217;Atenci\u00f3 Domicili\u00e0ria des de l&#8217;any 2003, oferint solucions per a donar assist\u00e8ncia i confort\u00a0a persones grans que viuen\u00a0al seu domicili i volen continuar-hi\u00a0malgrat que necessitin l\u2019ajuda\u00a0de professionals especialitzats.<\/div>\n<div>L&#8217;equip del SAD est\u00e0 format per 1 coordinadora, 3 auxiliars i 8 sanit\u00e0ries\u00a0\u00a0que atenen a les persones al seu domicili, i compta amb el suport de diferents professionals de la instituci\u00f3 per a les tasques adminitsratives.<\/div>\n<div>\nL&#8217;any 2016 es van atendre 119 persones, el 55 % de les quals provenien del conveni amb l&#8217;Ajuntament i la resta eren usuaris privats. Es van realitzar un total de 6.472 hores de servei a la llar i 951 hores de suport a la persona, i es van servir 3.306 \u00e0pats als domicilis.<\/div>\n<div>Des dels seus inicis, la Fundaci\u00f3 t\u00e9 un conveni amb la Cooperativa 70 per tal d&#8217;oferir una subvenci\u00f3 en el preu del servei de suport a la persona per als socis i beneficiaris majors de 65 anys.<\/div>\n","protected":false},"excerpt":{"rendered":"<p>L&#8217;Ajuntament de Caldes de Montbui ha fet p\u00fablica la ressoluci\u00f3 del concurs que determina que la Fundaci\u00f3 Santa Susanna podr\u00e0 continuar prestant el Servei d&#8217;Atenci\u00f3 Domicili\u00e0ria (SAD) durant 4 anys al municipi. La Fundaci\u00f3 ofereix el Servei d&#8217;Atenci\u00f3 Domicili\u00e0ria des de l&#8217;any 2003, oferint solucions per a donar assist\u00e8ncia i confort\u00a0a persones grans que viuen\u00a0al [&hellip;]<\/p>\n","protected":false},"author":1,"featured_media":4684,"comment_status":"closed","ping_status":"closed","sticky":false,"template":"","format":"standard","meta":{"_acf_changed":false,"footnotes":""},"categories":[],"tags":[],"class_list":["post-4683","post","type-post","status-publish","format-standard","has-post-thumbnail","hentry"],"acf":[],"_links":{"self":[{"href":"https:\/\/fss.cat\/es\/wp-json\/wp\/v2\/posts\/4683","targetHints":{"allow":["GET"]}}],"collection":[{"href":"https:\/\/fss.cat\/es\/wp-json\/wp\/v2\/posts"}],"about":[{"href":"https:\/\/fss.cat\/es\/wp-json\/wp\/v2\/types\/post"}],"author":[{"embeddable":true,"href":"https:\/\/fss.cat\/es\/wp-json\/wp\/v2\/users\/1"}],"replies":[{"embeddable":true,"href":"https:\/\/fss.cat\/es\/wp-json\/wp\/v2\/comments?post=4683"}],"version-history":[{"count":0,"href":"https:\/\/fss.cat\/es\/wp-json\/wp\/v2\/posts\/4683\/revisions"}],"wp:featuredmedia":[{"embeddable":true,"href":"https:\/\/fss.cat\/es\/wp-json\/wp\/v2\/media\/4684"}],"wp:attachment":[{"href":"https:\/\/fss.cat\/es\/wp-json\/wp\/v2\/media?parent=4683"}],"wp:term":[{"taxonomy":"category","embeddable":true,"href":"https:\/\/fss.cat\/es\/wp-json\/wp\/v2\/categories?post=4683"},{"taxonomy":"post_tag","embeddable":true,"href":"https:\/\/fss.cat\/es\/wp-json\/wp\/v2\/tags?post=4683"}],"curies":[{"name":"wp","href":"https:\/\/api.w.org\/{rel}","templated":true}]}}