{"id":4540,"date":"2017-11-14T15:58:01","date_gmt":"2017-11-14T15:58:01","guid":{"rendered":"https:\/\/resi.prova.cat\/suport-a-en-raul-romeva-i-als-presos-politics\/"},"modified":"2017-11-14T15:58:01","modified_gmt":"2017-11-14T15:58:01","slug":"suport-a-en-raul-romeva-i-als-presos-politics","status":"publish","type":"post","link":"https:\/\/fss.cat\/es\/suport-a-en-raul-romeva-i-als-presos-politics\/","title":{"rendered":"Suport a en Ra\u00fcl Romeva i als presos pol\u00edtics"},"content":{"rendered":"<div>Arran de la detenci\u00f3 i empresonament dels presidents de l\u2019Assemblea Nacional Catalana i d\u2019\u00d2mnium Cultural i de vuit membres del Govern leg\u00edtim de Catalunya, entre els quals es troba en Ra\u00fcl Romeva Rueda, vinculat a Caldes de Montbui i a diverses entitats de la nostra vila, en la qual va residir durant 13 anys, la Fundaci\u00f3 Santa Susanna <strong>s&#8217;ha adherit al manifest<\/strong> que declara:<\/div>\n<div><\/div>\n<div><\/div>\n<div>1.El nostre rebuig total a l\u2019empresonament de tots ells, realitzat a trav\u00e9s de decisions judicials que vulneren els principis m\u00e9s elementals d\u2019un estat democr\u00e0tic.<\/div>\n<div><\/div>\n<div>2.Demanem i encoratgem tota la societat i les entitats calderines a mostrar el seu rebuig davant d\u2019aquests fets grav\u00edssims, que atempten contra els drets civils i fonamentals de les persones, i que sota l\u2019aparen\u00e7a de just\u00edcia amaguen la voluntat de revenja dels governants espanyols.<\/div>\n<div><\/div>\n<div>3.Els signants d\u2019aquest manifest exigim la llibertat d\u2019en Ra\u00fcl i la resta d\u2019empresonats.<\/div>\n<div><\/div>\n<div>A m\u00e9s a m\u00e9s, la Fundaci\u00f3 \u00e9s un <strong>punt de recollida de signatures<\/strong> per a totes les persones que vulguin adherir-se al manifest de suport.<\/div>\n","protected":false},"excerpt":{"rendered":"<p>Arran de la detenci\u00f3 i empresonament dels presidents de l\u2019Assemblea Nacional Catalana i d\u2019\u00d2mnium Cultural i de vuit membres del Govern leg\u00edtim de Catalunya, entre els quals es troba en Ra\u00fcl Romeva Rueda, vinculat a Caldes de Montbui i a diverses entitats de la nostra vila, en la qual va residir durant 13 anys, la [&hellip;]<\/p>\n","protected":false},"author":1,"featured_media":4541,"comment_status":"closed","ping_status":"closed","sticky":false,"template":"","format":"standard","meta":{"_acf_changed":false,"footnotes":""},"categories":[],"tags":[],"class_list":["post-4540","post","type-post","status-publish","format-standard","has-post-thumbnail","hentry"],"acf":[],"_links":{"self":[{"href":"https:\/\/fss.cat\/es\/wp-json\/wp\/v2\/posts\/4540","targetHints":{"allow":["GET"]}}],"collection":[{"href":"https:\/\/fss.cat\/es\/wp-json\/wp\/v2\/posts"}],"about":[{"href":"https:\/\/fss.cat\/es\/wp-json\/wp\/v2\/types\/post"}],"author":[{"embeddable":true,"href":"https:\/\/fss.cat\/es\/wp-json\/wp\/v2\/users\/1"}],"replies":[{"embeddable":true,"href":"https:\/\/fss.cat\/es\/wp-json\/wp\/v2\/comments?post=4540"}],"version-history":[{"count":0,"href":"https:\/\/fss.cat\/es\/wp-json\/wp\/v2\/posts\/4540\/revisions"}],"wp:featuredmedia":[{"embeddable":true,"href":"https:\/\/fss.cat\/es\/wp-json\/wp\/v2\/media\/4541"}],"wp:attachment":[{"href":"https:\/\/fss.cat\/es\/wp-json\/wp\/v2\/media?parent=4540"}],"wp:term":[{"taxonomy":"category","embeddable":true,"href":"https:\/\/fss.cat\/es\/wp-json\/wp\/v2\/categories?post=4540"},{"taxonomy":"post_tag","embeddable":true,"href":"https:\/\/fss.cat\/es\/wp-json\/wp\/v2\/tags?post=4540"}],"curies":[{"name":"wp","href":"https:\/\/api.w.org\/{rel}","templated":true}]}}