{"id":4538,"date":"2017-11-14T15:57:32","date_gmt":"2017-11-14T15:57:32","guid":{"rendered":"https:\/\/resi.prova.cat\/enfortint-leconomia-cooperativa-al-valles-central\/"},"modified":"2017-11-14T15:57:32","modified_gmt":"2017-11-14T15:57:32","slug":"enfortint-leconomia-cooperativa-al-valles-central","status":"publish","type":"post","link":"https:\/\/fss.cat\/es\/enfortint-leconomia-cooperativa-al-valles-central\/","title":{"rendered":"Enfortint l&#8217;economia cooperativa al Vall\u00e8s Central"},"content":{"rendered":"<div>La Fundaci\u00f3 Santa Susanna ha participat a la\u00a0<strong>Jornada d&#8217;economia cooperativa al Vall\u00e8s Central\u00a0<\/strong>organitzada el 13 de novembre per la Coop70 i El Centre Democr\u00e0tic i\u00a0Progressista\u00a0amb el suport de la Fundaci\u00f3 Ferrer i Gu\u00e0rdia.<\/div>\n<div><\/div>\n<div>La trobada ha convocat a cooperatives, fundacions d&#8217;\u00e0mbit social, associacions, societats laborals i mutualitats de la zona per fer una reflexi\u00f3 estrat\u00e8gica sobre el futur de l&#8217;economia social i assentar les bases per a un\u00a0<strong>treball cooperatiu<\/strong>\u00a0a llarg termini.<\/div>\n<div><\/div>\n<div>La Fundaci\u00f3 hi ha estat present per compartir projectes d&#8217;economia social i possibles sinergies.<\/div>\n","protected":false},"excerpt":{"rendered":"<p>La Fundaci\u00f3 Santa Susanna ha participat a la\u00a0Jornada d&#8217;economia cooperativa al Vall\u00e8s Central\u00a0organitzada el 13 de novembre per la Coop70 i El Centre Democr\u00e0tic i\u00a0Progressista\u00a0amb el suport de la Fundaci\u00f3 Ferrer i Gu\u00e0rdia. La trobada ha convocat a cooperatives, fundacions d&#8217;\u00e0mbit social, associacions, societats laborals i mutualitats de la zona per fer una reflexi\u00f3 estrat\u00e8gica [&hellip;]<\/p>\n","protected":false},"author":1,"featured_media":4539,"comment_status":"closed","ping_status":"closed","sticky":false,"template":"","format":"standard","meta":{"_acf_changed":false,"footnotes":""},"categories":[],"tags":[],"class_list":["post-4538","post","type-post","status-publish","format-standard","has-post-thumbnail","hentry"],"acf":[],"_links":{"self":[{"href":"https:\/\/fss.cat\/es\/wp-json\/wp\/v2\/posts\/4538","targetHints":{"allow":["GET"]}}],"collection":[{"href":"https:\/\/fss.cat\/es\/wp-json\/wp\/v2\/posts"}],"about":[{"href":"https:\/\/fss.cat\/es\/wp-json\/wp\/v2\/types\/post"}],"author":[{"embeddable":true,"href":"https:\/\/fss.cat\/es\/wp-json\/wp\/v2\/users\/1"}],"replies":[{"embeddable":true,"href":"https:\/\/fss.cat\/es\/wp-json\/wp\/v2\/comments?post=4538"}],"version-history":[{"count":0,"href":"https:\/\/fss.cat\/es\/wp-json\/wp\/v2\/posts\/4538\/revisions"}],"wp:featuredmedia":[{"embeddable":true,"href":"https:\/\/fss.cat\/es\/wp-json\/wp\/v2\/media\/4539"}],"wp:attachment":[{"href":"https:\/\/fss.cat\/es\/wp-json\/wp\/v2\/media?parent=4538"}],"wp:term":[{"taxonomy":"category","embeddable":true,"href":"https:\/\/fss.cat\/es\/wp-json\/wp\/v2\/categories?post=4538"},{"taxonomy":"post_tag","embeddable":true,"href":"https:\/\/fss.cat\/es\/wp-json\/wp\/v2\/tags?post=4538"}],"curies":[{"name":"wp","href":"https:\/\/api.w.org\/{rel}","templated":true}]}}