{"id":11537,"date":"2026-09-03T14:12:56","date_gmt":"2026-09-03T12:12:56","guid":{"rendered":"https:\/\/fss.cat\/?p=11537"},"modified":"2026-09-03T14:12:59","modified_gmt":"2026-09-03T12:12:59","slug":"la-tardor-de-el-cami","status":"publish","type":"post","link":"https:\/\/fss.cat\/es\/la-tardor-de-el-cami\/","title":{"rendered":"La tardor de \u00abEl Cam\u00ed\u00bb"},"content":{"rendered":"\n<p class=\"wp-block-paragraph\"><\/p>\n\n\n\n<div class=\"wp-block-media-text is-stacked-on-mobile\"><figure class=\"wp-block-media-text__media\"><img decoding=\"async\" src=\"https:\/\/fss.cat\/wp-content\/uploads\/2026\/09\/SANTA-SUSANNA_CAMI\u2560u_3-retallat.png\" alt=\"\" class=\"wp-image-11538 size-full\"\/><\/figure><div class=\"wp-block-media-text__content\">\n<p class=\"wp-block-paragraph\">Aquest mes de setembre comen\u00e7a la programaci\u00f3 de tardor del <a href=\"https:\/\/fss.cat\/serveis-funeraris\/el-cami\/\">projecte \u00abEl Cam\u00ed\u00bb<\/a> de la Fundaci\u00f3 Santa Susanna.<\/p>\n\n\n\n<p class=\"wp-block-paragraph\"><\/p>\n\n\n\n<p class=\"wp-block-paragraph\">\u00abEl Cam\u00ed\u00bb ofereix espais de trobada i reflexi\u00f3 per parlar de la vida, de la mort i del dol. <\/p>\n\n\n\n<p class=\"wp-block-paragraph\"><br><\/p>\n<\/div><\/div>\n\n\n\n<div style=\"height:24px\" aria-hidden=\"true\" class=\"wp-block-spacer\"><\/div>\n\n\n\n<div class=\"wp-block-columns is-layout-flex wp-container-core-columns-is-layout-7387b849 wp-block-columns-is-layout-flex\">\n<div class=\"wp-block-column is-layout-flow wp-block-column-is-layout-flow\" style=\"flex-basis:33.33%\">\n<p class=\"wp-block-paragraph\">S\u00f3n activitats obertes a tota la comunitat i s\u00f3n gratu\u00eftes.<br><\/p>\n<\/div>\n\n\n\n<div class=\"wp-block-column is-layout-flow wp-block-column-is-layout-flow\" style=\"flex-basis:66.66%\">\n<figure class=\"wp-block-image size-large\"><img decoding=\"async\" src=\"https:\/\/fss.cat\/wp-content\/uploads\/2026\/09\/2026-09-11-EL-CAMI-724x1024.jpg\" alt=\"\" class=\"wp-image-11539\"\/><\/figure>\n<\/div>\n<\/div>\n\n\n\n<p class=\"wp-block-paragraph\"><\/p>\n","protected":false},"excerpt":{"rendered":"<p>Aquest mes de setembre comen\u00e7a la programaci\u00f3 de tardor del projecte \u00abEl Cam\u00ed\u00bb de la Fundaci\u00f3 Santa Susanna. \u00abEl Cam\u00ed\u00bb ofereix espais de trobada i reflexi\u00f3 per parlar de la vida, de la mort i del dol. S\u00f3n activitats obertes a tota la comunitat i s\u00f3n gratu\u00eftes.<\/p>\n","protected":false},"author":5,"featured_media":11538,"comment_status":"closed","ping_status":"closed","sticky":false,"template":"","format":"standard","meta":{"_acf_changed":false,"footnotes":""},"categories":[1,28],"tags":[],"class_list":["post-11537","post","type-post","status-publish","format-standard","has-post-thumbnail","hentry","category-fundacio-santa-susanna","category-serveis-funeraris"],"acf":[],"_links":{"self":[{"href":"https:\/\/fss.cat\/es\/wp-json\/wp\/v2\/posts\/11537","targetHints":{"allow":["GET"]}}],"collection":[{"href":"https:\/\/fss.cat\/es\/wp-json\/wp\/v2\/posts"}],"about":[{"href":"https:\/\/fss.cat\/es\/wp-json\/wp\/v2\/types\/post"}],"author":[{"embeddable":true,"href":"https:\/\/fss.cat\/es\/wp-json\/wp\/v2\/users\/5"}],"replies":[{"embeddable":true,"href":"https:\/\/fss.cat\/es\/wp-json\/wp\/v2\/comments?post=11537"}],"version-history":[{"count":1,"href":"https:\/\/fss.cat\/es\/wp-json\/wp\/v2\/posts\/11537\/revisions"}],"predecessor-version":[{"id":11540,"href":"https:\/\/fss.cat\/es\/wp-json\/wp\/v2\/posts\/11537\/revisions\/11540"}],"wp:featuredmedia":[{"embeddable":true,"href":"https:\/\/fss.cat\/es\/wp-json\/wp\/v2\/media\/11538"}],"wp:attachment":[{"href":"https:\/\/fss.cat\/es\/wp-json\/wp\/v2\/media?parent=11537"}],"wp:term":[{"taxonomy":"category","embeddable":true,"href":"https:\/\/fss.cat\/es\/wp-json\/wp\/v2\/categories?post=11537"},{"taxonomy":"post_tag","embeddable":true,"href":"https:\/\/fss.cat\/es\/wp-json\/wp\/v2\/tags?post=11537"}],"curies":[{"name":"wp","href":"https:\/\/api.w.org\/{rel}","templated":true}]}}