{"id":11500,"date":"2026-09-01T11:54:24","date_gmt":"2026-09-01T11:54:24","guid":{"rendered":"https:\/\/fss.cat\/?p=11500"},"modified":"2026-09-01T11:54:26","modified_gmt":"2026-09-01T11:54:26","slug":"santa-susanna-es-noticia-2026-07-i-08","status":"publish","type":"post","link":"https:\/\/fss.cat\/es\/santa-susanna-es-noticia-2026-07-i-08\/","title":{"rendered":"Santa Susanna \u00e9s not\u00edcia 2026 07 i 08"},"content":{"rendered":"\n<p class=\"wp-block-paragraph\">Aquest \u00e9s el recull de not\u00edcies vinculades a les fundacions Santa Susanna del mes anterior:<\/p>\n\n\n\n<p class=\"wp-block-paragraph\"><a href=\"https:\/\/fss.cat\/wp-content\/uploads\/2026\/08\/Santa-Susanna-es-noticia-2026-07.pdf\">Santa Susanna \u00e9s not\u00edcia 2026 07<\/a><\/p>\n\n\n\n<ul class=\"wp-block-list\">\n<li>Refugi clim\u00e0tic<\/li>\n\n\n\n<li>Mem\u00f2ria 2025<\/li>\n<\/ul>\n\n\n\n<p class=\"wp-block-paragraph\">I aquests s\u00f3n els darrers\u00a0<a href=\"https:\/\/fss.cat\/wp-content\/uploads\/2026\/08\/agraiments-2026-07-i-08.pdf\">agra\u00efments adre\u00e7ats a les persones treballadores<\/a>\u00a0de les fundacions Santa Susanna.<\/p>\n\n\n\n<p class=\"wp-block-paragraph\"><a href=\"https:\/\/fss.cat\/avancem-en-la-convivencia\/\"><\/a><\/p>\n\n\n\n<p class=\"wp-block-paragraph\"><\/p>\n","protected":false},"excerpt":{"rendered":"<p>Aquest \u00e9s el recull de not\u00edcies vinculades a les fundacions Santa Susanna del mes anterior: Santa Susanna \u00e9s not\u00edcia 2026 07 I aquests s\u00f3n els darrers\u00a0agra\u00efments adre\u00e7ats a les persones treballadores\u00a0de les fundacions Santa Susanna.<\/p>\n","protected":false},"author":5,"featured_media":5746,"comment_status":"closed","ping_status":"closed","sticky":false,"template":"","format":"standard","meta":{"_acf_changed":false,"footnotes":""},"categories":[1],"tags":[],"class_list":["post-11500","post","type-post","status-publish","format-standard","has-post-thumbnail","hentry","category-fundacio-santa-susanna"],"acf":[],"_links":{"self":[{"href":"https:\/\/fss.cat\/es\/wp-json\/wp\/v2\/posts\/11500","targetHints":{"allow":["GET"]}}],"collection":[{"href":"https:\/\/fss.cat\/es\/wp-json\/wp\/v2\/posts"}],"about":[{"href":"https:\/\/fss.cat\/es\/wp-json\/wp\/v2\/types\/post"}],"author":[{"embeddable":true,"href":"https:\/\/fss.cat\/es\/wp-json\/wp\/v2\/users\/5"}],"replies":[{"embeddable":true,"href":"https:\/\/fss.cat\/es\/wp-json\/wp\/v2\/comments?post=11500"}],"version-history":[{"count":1,"href":"https:\/\/fss.cat\/es\/wp-json\/wp\/v2\/posts\/11500\/revisions"}],"predecessor-version":[{"id":11507,"href":"https:\/\/fss.cat\/es\/wp-json\/wp\/v2\/posts\/11500\/revisions\/11507"}],"wp:featuredmedia":[{"embeddable":true,"href":"https:\/\/fss.cat\/es\/wp-json\/wp\/v2\/media\/5746"}],"wp:attachment":[{"href":"https:\/\/fss.cat\/es\/wp-json\/wp\/v2\/media?parent=11500"}],"wp:term":[{"taxonomy":"category","embeddable":true,"href":"https:\/\/fss.cat\/es\/wp-json\/wp\/v2\/categories?post=11500"},{"taxonomy":"post_tag","embeddable":true,"href":"https:\/\/fss.cat\/es\/wp-json\/wp\/v2\/tags?post=11500"}],"curies":[{"name":"wp","href":"https:\/\/api.w.org\/{rel}","templated":true}]}}