{"id":11487,"date":"2026-08-31T09:35:38","date_gmt":"2026-08-31T09:35:38","guid":{"rendered":"https:\/\/fss.cat\/?p=11487"},"modified":"2026-08-31T09:59:16","modified_gmt":"2026-08-31T09:59:16","slug":"la-diada-de-santa-susanna-caminem-cuidant","status":"publish","type":"post","link":"https:\/\/fss.cat\/es\/la-diada-de-santa-susanna-caminem-cuidant\/","title":{"rendered":"\u00a0 La diada de Santa Susanna: caminem cuidant"},"content":{"rendered":"\n<div class=\"wp-block-media-text is-stacked-on-mobile\"><figure class=\"wp-block-media-text__media\"><img decoding=\"async\" src=\"https:\/\/fss.cat\/wp-content\/uploads\/2026\/08\/IMG_20260811_182708-1024x768.jpg\" alt=\"\" class=\"wp-image-11488 size-full\"\/><\/figure><div class=\"wp-block-media-text__content\">\n<p class=\"wp-block-paragraph\">La celebraci\u00f3 de la diada de Santa Susanna, patrona de la Fundaci\u00f3 Santa Susanna i de la Fundaci\u00f3 Sociosanit\u00e0ria&nbsp;Santa Susanna, ha tingut lloc el dia 11 d&#8217;agost com marca el calendari.<\/p>\n\n\n\n<p class=\"wp-block-paragraph\">La instituci\u00f3 ha commemorat&nbsp;la data amb la&nbsp;participaci\u00f3 de tota la comunitat: les persones usu\u00e0ries i les seves fam\u00edlies, les persones treballadores, les volunt\u00e0ries i la junta.&nbsp;&nbsp;<\/p>\n<\/div><\/div>\n\n\n\n<div style=\"height:18px\" aria-hidden=\"true\" class=\"wp-block-spacer\"><\/div>\n\n\n\n<div class=\"wp-block-media-text is-stacked-on-mobile\"><figure class=\"wp-block-media-text__media\"><img fetchpriority=\"high\" decoding=\"async\" width=\"1024\" height=\"768\" src=\"https:\/\/fss.cat\/wp-content\/uploads\/2026\/08\/IMG_20260811_190833-1024x768.jpg\" alt=\"\" class=\"wp-image-11489 size-full\" srcset=\"https:\/\/fss.cat\/wp-content\/uploads\/2026\/08\/IMG_20260811_190833-1024x768.jpg 1024w, https:\/\/fss.cat\/wp-content\/uploads\/2026\/08\/IMG_20260811_190833-300x225.jpg 300w, https:\/\/fss.cat\/wp-content\/uploads\/2026\/08\/IMG_20260811_190833-768x576.jpg 768w, https:\/\/fss.cat\/wp-content\/uploads\/2026\/08\/IMG_20260811_190833-1536x1152.jpg 1536w, https:\/\/fss.cat\/wp-content\/uploads\/2026\/08\/IMG_20260811_190833-600x450.jpg 600w, https:\/\/fss.cat\/wp-content\/uploads\/2026\/08\/IMG_20260811_190833-2048x1536.jpg 2048w\" sizes=\"(max-width: 1024px) 100vw, 1024px\" \/><\/figure><div class=\"wp-block-media-text__content\">\n<p class=\"wp-block-paragraph\">Al migdia ha tingut lloc el dinar de germanor al Punt de trobada.\u00a0I a la tarda s&#8217;ha celebrat l&#8217;eucaristia a la Parr\u00f2quia de Santa Maria i, a continuaci\u00f3, <a href=\"https:\/\/fss.cat\/wp-content\/uploads\/2026\/08\/parlaments-santa-susanna-2026-2.pdf\">els parlaments amb la participaci\u00f3 de diferents persones vinculades a la instituci\u00f3<\/a> i el piscolabis, al Punt de trobada de la Fundaci\u00f3 Santa Susanna.\u00a0<\/p>\n\n\n\n<p class=\"wp-block-paragraph\">Moltes gr\u00e0cies a totes les persones que heu participat en aquesta festa i moltes gr\u00e0cies a tothom qui ha col\u00b7laborat per fer-ho possible. <\/p>\n\n\n\n<p class=\"wp-block-paragraph\">Caminem cuidant!<\/p>\n<\/div><\/div>\n\n\n\n<p class=\"wp-block-paragraph\"><\/p>\n","protected":false},"excerpt":{"rendered":"<p>La celebraci\u00f3 de la diada de Santa Susanna, patrona de la Fundaci\u00f3 Santa Susanna i de la Fundaci\u00f3 Sociosanit\u00e0ria&nbsp;Santa Susanna, ha tingut lloc el dia 11 d&#8217;agost com marca el calendari. La instituci\u00f3 ha commemorat&nbsp;la data amb la&nbsp;participaci\u00f3 de tota la comunitat: les persones usu\u00e0ries i les seves fam\u00edlies, les persones treballadores, les volunt\u00e0ries i [&hellip;]<\/p>\n","protected":false},"author":5,"featured_media":11493,"comment_status":"closed","ping_status":"closed","sticky":false,"template":"","format":"standard","meta":{"_acf_changed":false,"footnotes":""},"categories":[1],"tags":[],"class_list":["post-11487","post","type-post","status-publish","format-standard","has-post-thumbnail","hentry","category-fundacio-santa-susanna"],"acf":[],"_links":{"self":[{"href":"https:\/\/fss.cat\/es\/wp-json\/wp\/v2\/posts\/11487","targetHints":{"allow":["GET"]}}],"collection":[{"href":"https:\/\/fss.cat\/es\/wp-json\/wp\/v2\/posts"}],"about":[{"href":"https:\/\/fss.cat\/es\/wp-json\/wp\/v2\/types\/post"}],"author":[{"embeddable":true,"href":"https:\/\/fss.cat\/es\/wp-json\/wp\/v2\/users\/5"}],"replies":[{"embeddable":true,"href":"https:\/\/fss.cat\/es\/wp-json\/wp\/v2\/comments?post=11487"}],"version-history":[{"count":3,"href":"https:\/\/fss.cat\/es\/wp-json\/wp\/v2\/posts\/11487\/revisions"}],"predecessor-version":[{"id":11499,"href":"https:\/\/fss.cat\/es\/wp-json\/wp\/v2\/posts\/11487\/revisions\/11499"}],"wp:featuredmedia":[{"embeddable":true,"href":"https:\/\/fss.cat\/es\/wp-json\/wp\/v2\/media\/11493"}],"wp:attachment":[{"href":"https:\/\/fss.cat\/es\/wp-json\/wp\/v2\/media?parent=11487"}],"wp:term":[{"taxonomy":"category","embeddable":true,"href":"https:\/\/fss.cat\/es\/wp-json\/wp\/v2\/categories?post=11487"},{"taxonomy":"post_tag","embeddable":true,"href":"https:\/\/fss.cat\/es\/wp-json\/wp\/v2\/tags?post=11487"}],"curies":[{"name":"wp","href":"https:\/\/api.w.org\/{rel}","templated":true}]}}