{"id":11002,"date":"2026-04-30T08:31:55","date_gmt":"2026-04-30T08:31:55","guid":{"rendered":"https:\/\/fss.cat\/?p=11002"},"modified":"2026-04-30T08:31:57","modified_gmt":"2026-04-30T08:31:57","slug":"donatiu-pel-projecte-sociosanitari-de-millora-datencio-integral-a-persones-vulnerables","status":"publish","type":"post","link":"https:\/\/fss.cat\/es\/donatiu-pel-projecte-sociosanitari-de-millora-datencio-integral-a-persones-vulnerables\/","title":{"rendered":"Donatiu pel projecte sociosanitari de millora d&#8217;atenci\u00f3 integral a persones vulnerables"},"content":{"rendered":"\n<p>La Fundaci\u00f3 Sociosanit\u00e0ria Santa Susanna ha rebut 4.000 \u20ac del Projecte d&#8217;Acci\u00f3 Social de CaixaBank i la Fundaci\u00f3 \u201dla Caixa\u201d.<\/p>\n\n\n\n<p>L&#8217;ajuda econ\u00f2mica es destinar\u00e0 al projecte de millora de l&#8217;atenci\u00f3 integral a persones vulnerables amb malalties cr\u00f2niques avan\u00e7ades o cronicitat complexa (MACA i PCC).&nbsp;<\/p>\n\n\n\n<figure class=\"wp-block-image aligncenter size-large is-resized\"><img decoding=\"async\" src=\"https:\/\/fss.cat\/wp-content\/uploads\/2026\/04\/donatiu-2-1-1024x585.jpg\" alt=\"\" class=\"wp-image-11008\" style=\"aspect-ratio:1.7505869922517023;width:536px;height:auto\"\/><\/figure>\n\n\n\n<p>Mitjan\u00e7ant l&#8217;adquisici\u00f3 d&#8217;un ec\u00f2graf port\u00e0til i la formaci\u00f3 dels professionals que en faran \u00fas, es millorar\u00e0 l&#8217;atenci\u00f3 assistencial i la qualitat de vida de les persones ateses. <\/p>\n\n\n\n<p>L&#8217;aparell permetr\u00e0 fer el diagn\u00f2stic i el seguiment sanitari al mateix centre, reduint les derivacions a centres hospitalaris i la despesa econ\u00f2mica i els riscos de salut que impliquen els trasllats. <\/p>\n\n\n\n<p>Se&#8217;n podran beneficiar tant les persones ateses&nbsp;a la fundaci\u00f3 com les que s\u00f3n ateses al seu domicili per l&#8217;equip de PADES de Santa Susanna.<\/p>\n","protected":false},"excerpt":{"rendered":"<p>La Fundaci\u00f3 Sociosanit\u00e0ria Santa Susanna ha rebut 4.000 \u20ac del Projecte d&#8217;Acci\u00f3 Social de CaixaBank i la Fundaci\u00f3 \u201dla Caixa\u201d. L&#8217;ajuda econ\u00f2mica es destinar\u00e0 al projecte de millora de l&#8217;atenci\u00f3 integral a persones vulnerables amb malalties cr\u00f2niques avan\u00e7ades o cronicitat complexa (MACA i PCC).&nbsp; Mitjan\u00e7ant l&#8217;adquisici\u00f3 d&#8217;un ec\u00f2graf port\u00e0til i la formaci\u00f3 dels professionals que [&hellip;]<\/p>\n","protected":false},"author":5,"featured_media":11006,"comment_status":"closed","ping_status":"closed","sticky":false,"template":"","format":"standard","meta":{"_acf_changed":false,"footnotes":""},"categories":[27,1],"tags":[],"class_list":["post-11002","post","type-post","status-publish","format-standard","has-post-thumbnail","hentry","category-atencio-intermedia","category-fundacio-santa-susanna"],"acf":[],"_links":{"self":[{"href":"https:\/\/fss.cat\/es\/wp-json\/wp\/v2\/posts\/11002","targetHints":{"allow":["GET"]}}],"collection":[{"href":"https:\/\/fss.cat\/es\/wp-json\/wp\/v2\/posts"}],"about":[{"href":"https:\/\/fss.cat\/es\/wp-json\/wp\/v2\/types\/post"}],"author":[{"embeddable":true,"href":"https:\/\/fss.cat\/es\/wp-json\/wp\/v2\/users\/5"}],"replies":[{"embeddable":true,"href":"https:\/\/fss.cat\/es\/wp-json\/wp\/v2\/comments?post=11002"}],"version-history":[{"count":3,"href":"https:\/\/fss.cat\/es\/wp-json\/wp\/v2\/posts\/11002\/revisions"}],"predecessor-version":[{"id":11009,"href":"https:\/\/fss.cat\/es\/wp-json\/wp\/v2\/posts\/11002\/revisions\/11009"}],"wp:featuredmedia":[{"embeddable":true,"href":"https:\/\/fss.cat\/es\/wp-json\/wp\/v2\/media\/11006"}],"wp:attachment":[{"href":"https:\/\/fss.cat\/es\/wp-json\/wp\/v2\/media?parent=11002"}],"wp:term":[{"taxonomy":"category","embeddable":true,"href":"https:\/\/fss.cat\/es\/wp-json\/wp\/v2\/categories?post=11002"},{"taxonomy":"post_tag","embeddable":true,"href":"https:\/\/fss.cat\/es\/wp-json\/wp\/v2\/tags?post=11002"}],"curies":[{"name":"wp","href":"https:\/\/api.w.org\/{rel}","templated":true}]}}